{"id":14578,"date":"2026-04-27T17:26:33","date_gmt":"2026-04-27T15:26:33","guid":{"rendered":"https:\/\/laconsultamedica.com.do\/?p=36881"},"modified":"2026-04-27T17:26:33","modified_gmt":"2026-04-27T15:26:33","slug":"feria-del-libro-y-cultura-cibao-2026-cierra-con-mas-de-100-mil-visitantes","status":"publish","type":"post","link":"https:\/\/informedesalud.com.do\/?p=14578","title":{"rendered":"Feria del Libro y Cultura Cibao 2026 cierra con m\u00e1s de 100 mil visitantes"},"content":{"rendered":"<div><img decoding=\"async\" src=\"https:\/\/i0.wp.com\/laconsultamedica.com.do\/wp-content\/uploads\/2026\/04\/image_editor_output_image-1964213740-1777303628367.jpg?fit=374%2C197&amp;ssl=1\" class=\"ff-og-image-inserted\"><\/div>\n<p class=\"wp-block-paragraph\">La Feria del Libro y Cultura Cibao 2026 cerr\u00f3 este domingo con una asistencia superior a las 100 mil personas, en un acto encabezado por la vicepresidenta Raquel Pe\u00f1a y el ministro de Cultura, Roberto \u00c1ngel Salcedo, quienes destacaron el impacto cultural del evento en la regi\u00f3n Norte.<\/p>\n<p>Durante el acto de clausura, Raquel Pe\u00f1a afirm\u00f3 que la feria evidencia el compromiso del Gobierno, liderado por el presidente Luis Abinader, con el fortalecimiento de la educaci\u00f3n y la cultura en el Cibao.<\/p>\n<p>La vicemandataria particip\u00f3 en varias actividades durante la semana, entre ellas la inauguraci\u00f3n de un marat\u00f3n de lectura y la conferencia \u201cLeer en medio del ruido\u201d, adem\u00e1s de recorrer las instalaciones del recinto ferial.<\/p>\n<p class=\"wp-block-paragraph\">De su lado, Roberto \u00c1ngel Salcedo resalt\u00f3 el alcance de la iniciativa y su proyecci\u00f3n como plataforma de integraci\u00f3n regional. <\/p>\n<p>Confirm\u00f3 que, debido a su impacto y acogida, la feria ser\u00e1 celebrada cada a\u00f1o en Santiago, con su pr\u00f3xima edici\u00f3n pautada del 19 al 25 de abril de 2027.<\/p>\n<p>Las autoridades informaron que el evento gener\u00f3 ventas de libros por alrededor de 10 millones de pesos, reflejando el dinamismo del sector editorial durante la jornada.<\/p>\n<p class=\"wp-block-paragraph\">La feria estuvo dedicada a Ulises Francisco Espaillat, en ocasi\u00f3n del 150 aniversario de su gobierno, e incluy\u00f3 11 pabellones con espacios para editoriales, librer\u00edas, artesan\u00eda, gastronom\u00eda y exhibiciones culturales.<\/p>\n<p>El evento, desarrollado del 20 al 26 de abril, reuni\u00f3 a representantes de las 14 provincias del Cibao y present\u00f3 una agenda de unas 250 actividades, entre exposiciones, talleres, presentaciones literarias y espect\u00e1culos art\u00edsticos.<\/p>\n<p class=\"wp-block-paragraph\">Tambi\u00e9n se extendi\u00f3 a otros espacios culturales de la ciudad como el Centro Le\u00f3n, el Ateneo Amantes de la Luz y el Monumento a los H\u00e9roes de la Restauraci\u00f3n.<\/p>\n<p>La clausura concluy\u00f3 con un concierto de la Orquesta Filarm\u00f3nica de Santo Domingo, dirigida por Amaury S\u00e1nchez.<\/p>\n","protected":false},"excerpt":{"rendered":"<p>La Feria del Libro y Cultura Cibao 2026 cerr\u00f3 este domingo con una asistencia superior a las 100 mil personas, en un acto encabezado por la vicepresidenta Raquel Pe\u00f1a y el ministro de Cultura, Roberto \u00c1ngel Salcedo, quienes destacaron el impacto cultural del evento en la regi\u00f3n Norte. Durante el acto de clausura, Raquel Pe\u00f1a [&hellip;]<\/p>\n","protected":false},"author":1,"featured_media":14579,"comment_status":"closed","ping_status":"closed","sticky":false,"template":"","format":"standard","meta":{"_eb_attr":"","footnotes":""},"categories":[43],"tags":[],"_links":{"self":[{"href":"https:\/\/informedesalud.com.do\/index.php?rest_route=\/wp\/v2\/posts\/14578"}],"collection":[{"href":"https:\/\/informedesalud.com.do\/index.php?rest_route=\/wp\/v2\/posts"}],"about":[{"href":"https:\/\/informedesalud.com.do\/index.php?rest_route=\/wp\/v2\/types\/post"}],"author":[{"embeddable":true,"href":"https:\/\/informedesalud.com.do\/index.php?rest_route=\/wp\/v2\/users\/1"}],"replies":[{"embeddable":true,"href":"https:\/\/informedesalud.com.do\/index.php?rest_route=%2Fwp%2Fv2%2Fcomments&post=14578"}],"version-history":[{"count":0,"href":"https:\/\/informedesalud.com.do\/index.php?rest_route=\/wp\/v2\/posts\/14578\/revisions"}],"wp:featuredmedia":[{"embeddable":true,"href":"https:\/\/informedesalud.com.do\/index.php?rest_route=\/wp\/v2\/media\/14579"}],"wp:attachment":[{"href":"https:\/\/informedesalud.com.do\/index.php?rest_route=%2Fwp%2Fv2%2Fmedia&parent=14578"}],"wp:term":[{"taxonomy":"category","embeddable":true,"href":"https:\/\/informedesalud.com.do\/index.php?rest_route=%2Fwp%2Fv2%2Fcategories&post=14578"},{"taxonomy":"post_tag","embeddable":true,"href":"https:\/\/informedesalud.com.do\/index.php?rest_route=%2Fwp%2Fv2%2Ftags&post=14578"}],"curies":[{"name":"wp","href":"https:\/\/api.w.org\/{rel}","templated":true}]}}