{"id":14570,"date":"2026-04-25T15:10:31","date_gmt":"2026-04-25T13:10:31","guid":{"rendered":"https:\/\/laconsultamedica.com.do\/?p=36862"},"modified":"2026-04-25T15:10:31","modified_gmt":"2026-04-25T13:10:31","slug":"asamblea-de-worldskills-americas-concluye-en-punta-cana-con-enfasis-en-el-impacto-humano-de-la-formacion-tecnico-profesional","status":"publish","type":"post","link":"https:\/\/informedesalud.com.do\/?p=14570","title":{"rendered":"Asamblea de WorldSkills Am\u00e9ricas concluye en Punta Cana con \u00e9nfasis en el impacto humano de la formaci\u00f3n t\u00e9cnico profesional"},"content":{"rendered":"<p class=\"wp-block-paragraph\"><strong><em>Directora de INFOTEP pronuncia palabras de cierre y resalta que el verdadero valor de las habilidades est\u00e1 en transformar vidas_<\/em><\/strong><\/p>\n<p>Punta Cana, La Altagracia. -La Asamblea General de WorldSkills Am\u00e9ricas Punta Cana 2026 concluy\u00f3 tras varios d\u00edas de intensas jornadas de trabajo, reflexi\u00f3n e intercambio regional, consolidando acuerdos clave para el fortalecimiento institucional y la promoci\u00f3n de la formaci\u00f3n t\u00e9cnico profesional en el continente.<\/p>\n<p>Las palabras de cierre estuvieron a cargo de la directora general del Instituto Nacional de Formaci\u00f3n T\u00e9cnico Profesional (INFOTEP), quien centr\u00f3 su mensaje en el valor humano de los avances alcanzados durante el encuentro.<\/p>\n<p>\u201cM\u00e1s all\u00e1 de los avances institucionales, lo m\u00e1s significativo es el impacto en las personas\u201d, expres\u00f3 Morla, al subrayar que la formaci\u00f3n t\u00e9cnico profesional no solo construye trayectorias laborales, sino que transforma vidas y abre oportunidades reales para el desarrollo.<\/p>\n<p>\u201cLa celebraci\u00f3n de esta Asamblea en la Rep\u00fablica Dominicana reafirma el posicionamiento del pa\u00eds y del INFOTEP como referentes regionales en formaci\u00f3n t\u00e9cnico profesional, colocando a las personas en el centro de las pol\u00edticas de desarrollo\u201d, afirm\u00f3.<\/p>\n<figure class=\"wp-block-image size-large\"><img loading=\"lazy\" data-recalc-dims=\"1\" loading=\"lazy\" decoding=\"async\" width=\"1024\" height=\"716\" data-attachment-id=\"36859\" data-permalink=\"https:\/\/laconsultamedica.com.do\/image_editor_output_image317308892-1777219343226-jpg\/\" data-orig-file=\"https:\/\/i0.wp.com\/laconsultamedica.com.do\/wp-content\/uploads\/2026\/04\/image_editor_output_image317308892-1777219343226.jpg?fit=1578%2C1103&amp;ssl=1\" data-orig-size=\"1578,1103\" data-comments-opened=\"1\" data-image-meta=\"{&quot;aperture&quot;:&quot;0&quot;,&quot;credit&quot;:&quot;&quot;,&quot;camera&quot;:&quot;&quot;,&quot;caption&quot;:&quot;&quot;,&quot;created_timestamp&quot;:&quot;0&quot;,&quot;copyright&quot;:&quot;&quot;,&quot;focal_length&quot;:&quot;0&quot;,&quot;iso&quot;:&quot;0&quot;,&quot;shutter_speed&quot;:&quot;0&quot;,&quot;title&quot;:&quot;&quot;,&quot;orientation&quot;:&quot;0&quot;}\" data-image-title=\"image_editor_output_image317308892-1777219343226.jpg\" data-image-description data-image-caption data-large-file=\"https:\/\/i0.wp.com\/laconsultamedica.com.do\/wp-content\/uploads\/2026\/04\/image_editor_output_image317308892-1777219343226.jpg?fit=1024%2C716&amp;ssl=1\" src=\"https:\/\/i0.wp.com\/laconsultamedica.com.do\/wp-content\/uploads\/2026\/04\/image_editor_output_image317308892-1777219343226.jpg?resize=1024%2C716&amp;ssl=1\" alt class=\"wp-image-36859\" srcset=\"https:\/\/i0.wp.com\/laconsultamedica.com.do\/wp-content\/uploads\/2026\/04\/image_editor_output_image317308892-1777219343226.jpg?resize=1024%2C716&amp;ssl=1 1024w, https:\/\/i0.wp.com\/laconsultamedica.com.do\/wp-content\/uploads\/2026\/04\/image_editor_output_image317308892-1777219343226.jpg?resize=300%2C210&amp;ssl=1 300w, https:\/\/i0.wp.com\/laconsultamedica.com.do\/wp-content\/uploads\/2026\/04\/image_editor_output_image317308892-1777219343226.jpg?resize=768%2C537&amp;ssl=1 768w, https:\/\/i0.wp.com\/laconsultamedica.com.do\/wp-content\/uploads\/2026\/04\/image_editor_output_image317308892-1777219343226.jpg?resize=1536%2C1074&amp;ssl=1 1536w, https:\/\/i0.wp.com\/laconsultamedica.com.do\/wp-content\/uploads\/2026\/04\/image_editor_output_image317308892-1777219343226.jpg?resize=750%2C524&amp;ssl=1 750w, https:\/\/i0.wp.com\/laconsultamedica.com.do\/wp-content\/uploads\/2026\/04\/image_editor_output_image317308892-1777219343226.jpg?resize=1140%2C797&amp;ssl=1 1140w, https:\/\/i0.wp.com\/laconsultamedica.com.do\/wp-content\/uploads\/2026\/04\/image_editor_output_image317308892-1777219343226.jpg?w=1578&amp;ssl=1 1578w\" sizes=\"auto, (max-width: 1000px) 100vw, 1000px\"><\/figure>\n<p class=\"wp-block-paragraph\">La directora general del INFOTEP tambi\u00e9n valor\u00f3 el proceso de fortalecimiento institucional de WorldSkills Am\u00e9ricas, que incluy\u00f3 la elecci\u00f3n de nuevas autoridades y la definici\u00f3n de Paraguay como sede de la pr\u00f3xima Asamblea en 2028.<\/p>\n<p>*Agenda WordSkills Am\u00e9ricas*<\/p>\n<p>La agenda incluy\u00f3 un Foro de L\u00edderes en el que se analiz\u00f3 el modelo de gobernanza tripartita de la Rep\u00fablica Dominicana, tomando como referencia la experiencia del INFOTEP, as\u00ed como la presentaci\u00f3n del modelo de formaci\u00f3n dual \u201cPRODUAL\u201d, con casos aplicados como las empresas Martin\u00f3n.<\/p>\n<p>El ministro de Turismo, David Collado, particip\u00f3 en la Asamblea destacando el papel estrat\u00e9gico del INFOTEP en la capacitaci\u00f3n del capital humano que sostiene la industria tur\u00edstica, mientras que el ministro de Educaci\u00f3n Superior, Ciencia y Tecnolog\u00eda, Rafael Santos Bad\u00eda, reflexion\u00f3 sobre los desaf\u00edos de la transformaci\u00f3n en la formaci\u00f3n.<\/p>\n<p>Tambi\u00e9n se desarrollaron conferencias especializadas, entre ellas la intervenci\u00f3n de la experta Maura Corpor\u00e1n, quien hablo sobre la evoluci\u00f3n e impacto de las competiciones, as\u00ed como la exposici\u00f3n de un especialista en formaci\u00f3n dual.<\/p>\n<p>Uno de los momentos m\u00e1s significativos fue la presentaci\u00f3n de testimonios de j\u00f3venes medallistas de WorldSkills, como Nancy Castillo, plata en ciberseguridad, y Cristian N\u00fa\u00f1ez, bronce en desarrollo web, quienes compartieron experiencias que evidencian el poder transformador de la formaci\u00f3n t\u00e9cnico profesional.<\/p>\n<p>*Participantes*<\/p>\n<p>La Asamblea cont\u00f3 con la presencia de destacadas figuras del ecosistema global de habilidades, entre ellas Francis Hourant, presidente del Consejo de WorldSkills Internacional; Arsenio Fern\u00e1ndez, presidente de WorldSkills Am\u00e9ricas.<\/p>\n<p>Asimismo, Elena Montobbio, directora de OIT\/Cinterfor; y Patrick Svensson, miembro de la Junta de Directores de WorldSkills Internacional, junto a delegados oficiales, expertos t\u00e9cnicos, aliados estrat\u00e9gicos e invitados especiales.<\/p>\n<p>Durante el encuentro se eligieron las nuevas autoridades de la Asamblea para el per\u00edodo 2026-2028. Fue electo como presidente Roy Ram\u00edrez Quesada, gestor de formaci\u00f3n y servicios tecnol\u00f3gicos del Instituto Nacional de Aprendizaje (INA) de Costa Rica.<\/p>\n<p>Mientras que el cargo de secretario recay\u00f3 en Dario Walcot, representante del Consejo de Educaci\u00f3n y Formaci\u00f3n T\u00e9cnica y Vocacional de Barbados (TVET Council). Ambas designaciones reflejan el car\u00e1cter plural y representativo de la gobernanza de la organizaci\u00f3n.<\/p>\n<p>En el \u00e1mbito t\u00e9cnico, Claudia G\u00e1lvez, pasada secretaria de la Asamblea, y Wilmy Mora, representante del INFOTEP ante WorldSkills Am\u00e9ricas, asumieron responsabilidades en el Comit\u00e9 T\u00e9cnico y de Competiciones, instancia clave para garantizar la calidad y pertinencia de las habilidades profesionales en la regi\u00f3n.<\/p>\n<p>Asimismo, el Comit\u00e9 T\u00e1ctico qued\u00f3 integrado por Jeferson Leandro Mateucci, del Servicio Nacional de Aprendizaje Industrial (SENAI) de Brasil, y Carlos Miguel Ruedas Escobar, del Instituto T\u00e9cnico de Capacitaci\u00f3n y Productividad (INTECAP) de Guatemala.<\/p>\n","protected":false},"excerpt":{"rendered":"<p>Directora de INFOTEP pronuncia palabras de cierre y resalta que el verdadero valor de las habilidades est\u00e1 en transformar vidas_ Punta Cana, La Altagracia. -La Asamblea General de WorldSkills Am\u00e9ricas Punta Cana 2026 concluy\u00f3 tras varios d\u00edas de intensas jornadas de trabajo, reflexi\u00f3n e intercambio regional, consolidando acuerdos clave para el fortalecimiento institucional y la [&hellip;]<\/p>\n","protected":false},"author":1,"featured_media":14571,"comment_status":"closed","ping_status":"closed","sticky":false,"template":"","format":"standard","meta":{"_eb_attr":"","footnotes":""},"categories":[43],"tags":[],"_links":{"self":[{"href":"https:\/\/informedesalud.com.do\/index.php?rest_route=\/wp\/v2\/posts\/14570"}],"collection":[{"href":"https:\/\/informedesalud.com.do\/index.php?rest_route=\/wp\/v2\/posts"}],"about":[{"href":"https:\/\/informedesalud.com.do\/index.php?rest_route=\/wp\/v2\/types\/post"}],"author":[{"embeddable":true,"href":"https:\/\/informedesalud.com.do\/index.php?rest_route=\/wp\/v2\/users\/1"}],"replies":[{"embeddable":true,"href":"https:\/\/informedesalud.com.do\/index.php?rest_route=%2Fwp%2Fv2%2Fcomments&post=14570"}],"version-history":[{"count":0,"href":"https:\/\/informedesalud.com.do\/index.php?rest_route=\/wp\/v2\/posts\/14570\/revisions"}],"wp:featuredmedia":[{"embeddable":true,"href":"https:\/\/informedesalud.com.do\/index.php?rest_route=\/wp\/v2\/media\/14571"}],"wp:attachment":[{"href":"https:\/\/informedesalud.com.do\/index.php?rest_route=%2Fwp%2Fv2%2Fmedia&parent=14570"}],"wp:term":[{"taxonomy":"category","embeddable":true,"href":"https:\/\/informedesalud.com.do\/index.php?rest_route=%2Fwp%2Fv2%2Fcategories&post=14570"},{"taxonomy":"post_tag","embeddable":true,"href":"https:\/\/informedesalud.com.do\/index.php?rest_route=%2Fwp%2Fv2%2Ftags&post=14570"}],"curies":[{"name":"wp","href":"https:\/\/api.w.org\/{rel}","templated":true}]}}