{"id":13042,"date":"2025-12-16T13:40:46","date_gmt":"2025-12-16T12:40:46","guid":{"rendered":"https:\/\/laconsultamedica.com.do\/?p=33357"},"modified":"2025-12-16T13:40:46","modified_gmt":"2025-12-16T12:40:46","slug":"sns-recibe-al-director-ops-oms-para-conocer-avances-en-servicios-publicos-de-salud","status":"publish","type":"post","link":"https:\/\/informedesalud.com.do\/?p=13042","title":{"rendered":"SNS recibe al director OPS-OMS, para conocer avances en servicios p\u00fablicos de salud"},"content":{"rendered":"<p>*Santo Domingo.-* El Servicio Nacional de Salud (SNS) recibi\u00f3 este mi\u00e9rcoles la visita del director mundial de la Organizaci\u00f3n Panamericana de la Salud (OPS-OMS), doctor Jarbas Barbosa, quien conoci\u00f3 los avances alcanzados en la Red P\u00fablica de Servicios de Salud.<\/p>\n<p>La jornada inici\u00f3 con un encuentro encabezado por el director del SNS, doctor Mario Lama y el ministro de Salud, doctor V\u00edctor Atallah, donde se presentaron los resultados obtenidos por la instituci\u00f3n responsable de la prestaci\u00f3n de los servicios p\u00fablicos de salud, a partir de agosto del a\u00f1o 2020.<\/p>\n<p>\u201cLlegamos a esta instituci\u00f3n en un momento de mucha vulnerabilidad del sector salud\u201d, afirm\u00f3 el doctor Mario Lama, quien se\u00f1al\u00f3 que en ese contexto se evidenciaron importantes debilidades del sistema, lo que permiti\u00f3 implementar estrategias de fortalecimiento, tanto en Atenci\u00f3n Primaria como en la red hospitalaria.<\/p>\n<p>El titular del SNS explic\u00f3 que, tras un diagn\u00f3stico nacional de la red, iniciaron intervenciones en Centros de Atenci\u00f3n Primaria, Centros Diagn\u00f3sticos y hospitales. \u201cHoy tenemos unos 780 Centros de Primer Nivel que han sido intervenidos, algunos nuevos, otros con remozamientos, ampliaciones e intervenciones\u201d, indic\u00f3. <\/p>\n<p>Signific\u00f3 que se ha avanzado en el desarrollo de hospitales traumatol\u00f3gicos regionales,&nbsp; ampliaci\u00f3n de la red pedi\u00e1trica y materno-infantil, incorporaci\u00f3n de equipos diagn\u00f3sticos que no estaban disponibles previamente, y present\u00f3 datos sobre la expansi\u00f3n de los programas de detecci\u00f3n oportuna de c\u00e1ncer y el&nbsp; de d\u00e9ficit auditivo, fortalecimiento de Unidades de Cuidados Intensivos Neonatal, servicios de fisioterapia, atenci\u00f3n psicol\u00f3gica y avances en la reducci\u00f3n de la mortalidad neonatal e infantil, que alcanzaron en 2024 las cifras m\u00e1s bajas registradas en el pa\u00eds en los \u00faltimos quince a\u00f1os.<\/p>\n<figure class=\"wp-block-image size-large\"><img fetchpriority=\"high\" fetchpriority=\"high\" decoding=\"async\" width=\"1024\" height=\"682\" src=\"https:\/\/laconsultamedica.com.do\/wp-content\/uploads\/2025\/12\/10000366001752584370787311361-1024x682.jpg\" alt class=\"wp-image-33359\" srcset=\"https:\/\/laconsultamedica.com.do\/wp-content\/uploads\/2025\/12\/10000366001752584370787311361-1024x682.jpg 1024w, https:\/\/laconsultamedica.com.do\/wp-content\/uploads\/2025\/12\/10000366001752584370787311361-300x200.jpg 300w, https:\/\/laconsultamedica.com.do\/wp-content\/uploads\/2025\/12\/10000366001752584370787311361-768x512.jpg 768w, https:\/\/laconsultamedica.com.do\/wp-content\/uploads\/2025\/12\/10000366001752584370787311361-750x500.jpg 750w, https:\/\/laconsultamedica.com.do\/wp-content\/uploads\/2025\/12\/10000366001752584370787311361-1140x760.jpg 1140w, https:\/\/laconsultamedica.com.do\/wp-content\/uploads\/2025\/12\/10000366001752584370787311361.jpg 1280w\" sizes=\"(max-width: 1024px) 100vw, 1024px\"><\/figure>\n<p>Mientras, al referirse al manejo oportuno en la Red de Trauma, el ministro de Salud P\u00fablica, V\u00edctor Atallah, puntualiz\u00f3 que los esfuerzos involucran infraestructura y un modelo efectivo de referencia. \u201cEs una red diligente que est\u00e1 en todo el pa\u00eds, que est\u00e1 trabajando en la identificaci\u00f3n r\u00e1pida de los casos para llevarlos al sitio m\u00e1s adecuado\u201d, sostuvo.<\/p>\n<p>El director de la OPS-OMS, Jarbas Barbosa, valor\u00f3 los progresos alcanzados por el pa\u00eds, resalt\u00f3 que ha mostrado avances significativos en Atenci\u00f3n Primaria en Salud, especialmente tras la firma de la mesa de Alianza junto al Banco Interamericano de Desarrollo (BID), Banco Mundial, OPS, SNS y Ministerio de Salud P\u00fablica. \u201cLa Rep\u00fablica Dominicana ha tenido avances importantes y desde la Organizaci\u00f3n Panamericana de la Salud seguiremos brindando nuestra cooperaci\u00f3n estrecha para seguir trabajando juntos por la salud de toda la poblaci\u00f3n\u201d, expres\u00f3.<\/p>\n<p>Posteriormente, las autoridades se trasladaron al CPN Antituberculoso Infantil de Villa Consuelo, donde visitaron distintas \u00e1reas de servicio. El personal del centro present\u00f3 los procesos de atenci\u00f3n que brinda a trav\u00e9s de las dos Unidades de Atenci\u00f3n Primaria del centro, incluyendo el programa de vacunaci\u00f3n, HEARTS, crecimiento y desarrollo, entre otros servicios dirigidos a su poblaci\u00f3n adscrita.<\/p>\n<p>La agenda concluy\u00f3 con el compromiso conjunto de continuar fortaleciendo los servicios de salud y de ampliar las capacidades de atenci\u00f3n para toda la poblaci\u00f3n, con \u00e9nfasis en las \u00e1reas m\u00e1s vulnerables del pa\u00eds.<\/p>\n","protected":false},"excerpt":{"rendered":"<p>*Santo Domingo.-* El Servicio Nacional de Salud (SNS) recibi\u00f3 este mi\u00e9rcoles la visita del director mundial de la Organizaci\u00f3n Panamericana de la Salud (OPS-OMS), doctor Jarbas Barbosa, quien conoci\u00f3 los avances alcanzados en la Red P\u00fablica de Servicios de Salud. La jornada inici\u00f3 con un encuentro encabezado por el director del SNS, doctor Mario Lama [&hellip;]<\/p>\n","protected":false},"author":1,"featured_media":13043,"comment_status":"closed","ping_status":"closed","sticky":false,"template":"","format":"standard","meta":{"_eb_attr":"","footnotes":""},"categories":[93],"tags":[],"_links":{"self":[{"href":"https:\/\/informedesalud.com.do\/index.php?rest_route=\/wp\/v2\/posts\/13042"}],"collection":[{"href":"https:\/\/informedesalud.com.do\/index.php?rest_route=\/wp\/v2\/posts"}],"about":[{"href":"https:\/\/informedesalud.com.do\/index.php?rest_route=\/wp\/v2\/types\/post"}],"author":[{"embeddable":true,"href":"https:\/\/informedesalud.com.do\/index.php?rest_route=\/wp\/v2\/users\/1"}],"replies":[{"embeddable":true,"href":"https:\/\/informedesalud.com.do\/index.php?rest_route=%2Fwp%2Fv2%2Fcomments&post=13042"}],"version-history":[{"count":0,"href":"https:\/\/informedesalud.com.do\/index.php?rest_route=\/wp\/v2\/posts\/13042\/revisions"}],"wp:featuredmedia":[{"embeddable":true,"href":"https:\/\/informedesalud.com.do\/index.php?rest_route=\/wp\/v2\/media\/13043"}],"wp:attachment":[{"href":"https:\/\/informedesalud.com.do\/index.php?rest_route=%2Fwp%2Fv2%2Fmedia&parent=13042"}],"wp:term":[{"taxonomy":"category","embeddable":true,"href":"https:\/\/informedesalud.com.do\/index.php?rest_route=%2Fwp%2Fv2%2Fcategories&post=13042"},{"taxonomy":"post_tag","embeddable":true,"href":"https:\/\/informedesalud.com.do\/index.php?rest_route=%2Fwp%2Fv2%2Ftags&post=13042"}],"curies":[{"name":"wp","href":"https:\/\/api.w.org\/{rel}","templated":true}]}}