{"id":13040,"date":"2025-12-16T12:59:58","date_gmt":"2025-12-16T11:59:58","guid":{"rendered":"https:\/\/laconsultamedica.com.do\/?p=33343"},"modified":"2025-12-16T12:59:58","modified_gmt":"2025-12-16T11:59:58","slug":"ministerio-de-educacion-informa-receso-del-ano-escolar-inicia-el-19-de-diciembre-clases-retornan-el-7-de-enero-de-2026","status":"publish","type":"post","link":"https:\/\/informedesalud.com.do\/?p=13040","title":{"rendered":"Ministerio de Educaci\u00f3n informa receso del a\u00f1o escolar inicia el 19 de diciembre; clases retornan el 7 de enero de 2026"},"content":{"rendered":"<div><img decoding=\"async\" src=\"https:\/\/laconsultamedica.com.do\/wp-content\/uploads\/2025\/12\/image_editor_output_image-655975682-1765886436180.jpg\" class=\"ff-og-image-inserted\"><\/div>\n<p>El Ministerio de Educaci\u00f3n de la Rep\u00fablica Dominicana (Minerd) inform\u00f3 a toda la comunidad educativa que el primer per\u00edodo de clases del A\u00f1o Escolar 2025-2026 concluir\u00e1 el pr\u00f3ximo viernes 19 de diciembre.<\/p>\n<p>La docencia se reanudar\u00e1 el mi\u00e9rcoles 7 de enero de 2026, en todos los centros educativos del pa\u00eds, conforme al calendario escolar vigente.<\/p>\n<p>El Minerd reiter\u00f3 el llamado a padres, madres y tutores a garantizar la asistencia y puntualidad de los estudiantes desde el primer d\u00eda de reinicio, como parte del esfuerzo conjunto para asegurar el aprovechamiento pleno del tiempo de clases.<\/p>\n<p>La instituci\u00f3n record\u00f3 que cada hora de docencia es fundamental para fortalecer los aprendizajes, reducir brechas educativas y avanzar hacia una educaci\u00f3n de mayor calidad para todos.<\/p>\n","protected":false},"excerpt":{"rendered":"<p>El Ministerio de Educaci\u00f3n de la Rep\u00fablica Dominicana (Minerd) inform\u00f3 a toda la comunidad educativa que el primer per\u00edodo de clases del A\u00f1o Escolar 2025-2026 concluir\u00e1 el pr\u00f3ximo viernes 19 de diciembre. La docencia se reanudar\u00e1 el mi\u00e9rcoles 7 de enero de 2026, en todos los centros educativos del pa\u00eds, conforme al calendario escolar vigente. [&hellip;]<\/p>\n","protected":false},"author":1,"featured_media":13041,"comment_status":"closed","ping_status":"closed","sticky":false,"template":"","format":"standard","meta":{"_eb_attr":"","footnotes":""},"categories":[36],"tags":[],"_links":{"self":[{"href":"https:\/\/informedesalud.com.do\/index.php?rest_route=\/wp\/v2\/posts\/13040"}],"collection":[{"href":"https:\/\/informedesalud.com.do\/index.php?rest_route=\/wp\/v2\/posts"}],"about":[{"href":"https:\/\/informedesalud.com.do\/index.php?rest_route=\/wp\/v2\/types\/post"}],"author":[{"embeddable":true,"href":"https:\/\/informedesalud.com.do\/index.php?rest_route=\/wp\/v2\/users\/1"}],"replies":[{"embeddable":true,"href":"https:\/\/informedesalud.com.do\/index.php?rest_route=%2Fwp%2Fv2%2Fcomments&post=13040"}],"version-history":[{"count":0,"href":"https:\/\/informedesalud.com.do\/index.php?rest_route=\/wp\/v2\/posts\/13040\/revisions"}],"wp:featuredmedia":[{"embeddable":true,"href":"https:\/\/informedesalud.com.do\/index.php?rest_route=\/wp\/v2\/media\/13041"}],"wp:attachment":[{"href":"https:\/\/informedesalud.com.do\/index.php?rest_route=%2Fwp%2Fv2%2Fmedia&parent=13040"}],"wp:term":[{"taxonomy":"category","embeddable":true,"href":"https:\/\/informedesalud.com.do\/index.php?rest_route=%2Fwp%2Fv2%2Fcategories&post=13040"},{"taxonomy":"post_tag","embeddable":true,"href":"https:\/\/informedesalud.com.do\/index.php?rest_route=%2Fwp%2Fv2%2Ftags&post=13040"}],"curies":[{"name":"wp","href":"https:\/\/api.w.org\/{rel}","templated":true}]}}