{"id":12874,"date":"2025-12-06T02:43:38","date_gmt":"2025-12-06T01:43:38","guid":{"rendered":"https:\/\/laconsultamedica6449.live-website.com\/?p=32862"},"modified":"2025-12-06T02:43:38","modified_gmt":"2025-12-06T01:43:38","slug":"director-idoppril-destaca-mejoras-en-servicios-durante-visita-a-la-vega","status":"publish","type":"post","link":"https:\/\/informedesalud.com.do\/?p=12874","title":{"rendered":"Director IDOPPRIL destaca mejoras en servicios durante visita a La Vega"},"content":{"rendered":"<div><img decoding=\"async\" src=\"https:\/\/laconsultamedica6449.live-website.com\/wp-content\/uploads\/2025\/12\/image_editor_output_image-974166334-1764985453201.jpg\" class=\"ff-og-image-inserted\"><\/div>\n<p>La Vega. \u2014 El director ejecutivo del Instituto Dominicano de Prevenci\u00f3n y Protecci\u00f3n de Riesgos Laborales (IDOPPRIL), doctor Agust\u00edn Burgos, resalt\u00f3 los avances m\u00e1s recientes de la instituci\u00f3n en favor de la clase trabajadora y cit\u00f3 la agilizaci\u00f3n de las prestaciones m\u00e9dicas y econ\u00f3micas como uno de ellos.<\/p>\n<p>Asimismo, destac\u00f3 la mejora en las investigaciones de accidentes de trabajo y el fortalecimiento de los programas preventivos dirigidos a empresas y trabajadores.<\/p>\n<p>Burgos tambi\u00e9n se\u00f1al\u00f3 que el IDOPPRIL impulsa un proceso de modernizaci\u00f3n para facilitar el acceso a sus servicios mediante plataformas digitales m\u00e1s amigables, jornadas formativas a nivel nacional y acompa\u00f1amiento directo a los sectores productivos.<\/p>\n<p>Entrevistado en el programa \u201cFrente al Pueblo\u201d de Microvisi\u00f3n, Canal 10, que conducen los comunicadores Ambiorix Guzm\u00e1n (Papo) y George Luis Concepci\u00f3n, el funcionario reafirm\u00f3 su compromiso con una gesti\u00f3n cercana y transparente. En ese orden, se\u00f1al\u00f3 que el IDOPPRIL busca fortalecer la protecci\u00f3n de los trabajadores y garantizar un servicio cada vez m\u00e1s eficiente y oportuno.<\/p>\n<p>Finalmente, reafirm\u00f3 el compromiso de la instituci\u00f3n con mantener una comunicaci\u00f3n abierta y transparente con la poblaci\u00f3n. Tambi\u00e9n, con promover el conocimiento sobre los derechos que protege el Seguro de Riesgos Laborales (SRL) y orientar a la sociedad sobre la importancia de la prevenci\u00f3n y la seguridad en el trabajo.<\/p>\n","protected":false},"excerpt":{"rendered":"<p>La Vega. \u2014 El director ejecutivo del Instituto Dominicano de Prevenci\u00f3n y Protecci\u00f3n de Riesgos Laborales (IDOPPRIL), doctor Agust\u00edn Burgos, resalt\u00f3 los avances m\u00e1s recientes de la instituci\u00f3n en favor de la clase trabajadora y cit\u00f3 la agilizaci\u00f3n de las prestaciones m\u00e9dicas y econ\u00f3micas como uno de ellos. Asimismo, destac\u00f3 la mejora en las investigaciones [&hellip;]<\/p>\n","protected":false},"author":1,"featured_media":12875,"comment_status":"closed","ping_status":"closed","sticky":false,"template":"","format":"standard","meta":{"_eb_attr":"","footnotes":""},"categories":[93],"tags":[],"_links":{"self":[{"href":"https:\/\/informedesalud.com.do\/index.php?rest_route=\/wp\/v2\/posts\/12874"}],"collection":[{"href":"https:\/\/informedesalud.com.do\/index.php?rest_route=\/wp\/v2\/posts"}],"about":[{"href":"https:\/\/informedesalud.com.do\/index.php?rest_route=\/wp\/v2\/types\/post"}],"author":[{"embeddable":true,"href":"https:\/\/informedesalud.com.do\/index.php?rest_route=\/wp\/v2\/users\/1"}],"replies":[{"embeddable":true,"href":"https:\/\/informedesalud.com.do\/index.php?rest_route=%2Fwp%2Fv2%2Fcomments&post=12874"}],"version-history":[{"count":0,"href":"https:\/\/informedesalud.com.do\/index.php?rest_route=\/wp\/v2\/posts\/12874\/revisions"}],"wp:featuredmedia":[{"embeddable":true,"href":"https:\/\/informedesalud.com.do\/index.php?rest_route=\/wp\/v2\/media\/12875"}],"wp:attachment":[{"href":"https:\/\/informedesalud.com.do\/index.php?rest_route=%2Fwp%2Fv2%2Fmedia&parent=12874"}],"wp:term":[{"taxonomy":"category","embeddable":true,"href":"https:\/\/informedesalud.com.do\/index.php?rest_route=%2Fwp%2Fv2%2Fcategories&post=12874"},{"taxonomy":"post_tag","embeddable":true,"href":"https:\/\/informedesalud.com.do\/index.php?rest_route=%2Fwp%2Fv2%2Ftags&post=12874"}],"curies":[{"name":"wp","href":"https:\/\/api.w.org\/{rel}","templated":true}]}}