{"id":12816,"date":"2025-11-25T05:37:02","date_gmt":"2025-11-25T04:37:02","guid":{"rendered":"https:\/\/laconsultamedica.com.do\/?p=32868"},"modified":"2025-11-25T05:37:02","modified_gmt":"2025-11-25T04:37:02","slug":"cipesa-reconoce-trayectoria-del-periodista-vinicio-martinez-pilar-del-periodismo-en-salud-en-la-republica-dominicana","status":"publish","type":"post","link":"https:\/\/informedesalud.com.do\/?p=12816","title":{"rendered":"CIPESA reconoce trayectoria del periodista Vinicio Mart\u00ednez, pilar del periodismo en salud en la Rep\u00fablica Dominicana"},"content":{"rendered":"<p>Santo Domingo, Rep\u00fablica Dominicana. \u2013 El C\u00edrculo de Periodistas de la Salud (CIPESA) rindi\u00f3 un homenaje especial al periodista Vinicio Mart\u00ednez, uno de los fundadores del gremio y figura fundamental en el desarrollo del periodismo sanitario en el pa\u00eds. <\/p>\n<p>El reconocimiento fue entregado por los periodistas Franklin Castillo y Victoriano N\u00fa\u00f1ez, expresidentes de CIPESA, junto a Pebbers Gonz\u00e1lez y Janet B\u00e1ez, miembros de la actual directiva.<\/p>\n<p>La semblanza oficial fue le\u00edda por la periodista \u00darsula Espinal, quien destac\u00f3 \u201cla disciplina, la coherencia profesional y la vocaci\u00f3n de servicio que han acompa\u00f1ado la trayectoria de Vinicio Mart\u00ednez por m\u00e1s de dos d\u00e9cadas y media\u201d. <\/p>\n<p>Subray\u00f3 que su aporte \u201ces parte esencial de la historia del periodismo de salud en la Rep\u00fablica Dominicana, no solo por la calidad de su trabajo, sino por la nobleza con la que ha sido capaz de sostener y fortalecer a este gremio\u201d.<\/p>\n<p>Por su parte, Pebbers Gonz\u00e1lez expres\u00f3 que el homenaje reconoce \u201cuna vida de entrega, un profesional que ha sabido honrar cada espacio donde ha trabajado, su constancia, \u00e9tica y compromiso con el CIPESA son un referente para todos nosotros\u201d. Dijo al leer el reconocimiento. <\/p>\n<p>La semblanza record\u00f3 su paso por medios como El Caribe y La Naci\u00f3n, as\u00ed como su entrega de m\u00e1s de 20 a\u00f1os en el Ministerio de Salud P\u00fablica, donde contribuy\u00f3 a consolidar una comunicaci\u00f3n institucional responsable, humana y cercana a la ciudadan\u00eda; tambi\u00e9n trabaj\u00f3 cerca de una d\u00e9cada en el Hospital Padre Billini, conocido como \u201cEl Morgan\u201d, un escenario donde comprendi\u00f3 a profundidad la realidad de la salud p\u00fablica dominicana.<\/p>\n<figure class=\"wp-block-image size-large\"><img fetchpriority=\"high\" fetchpriority=\"high\" decoding=\"async\" width=\"716\" height=\"654\" src=\"https:\/\/laconsultamedica.com.do\/wp-content\/uploads\/2025\/11\/img-20251125-wa00057196271497801414339.jpg\" alt class=\"wp-image-32867\" srcset=\"https:\/\/laconsultamedica.com.do\/wp-content\/uploads\/2025\/11\/img-20251125-wa00057196271497801414339.jpg 716w, https:\/\/laconsultamedica.com.do\/wp-content\/uploads\/2025\/11\/img-20251125-wa00057196271497801414339-300x274.jpg 300w\" sizes=\"(max-width: 716px) 100vw, 716px\"><\/figure>\n<p>Visiblemente conmovido, Vinicio Mart\u00ednez expres\u00f3: \u201cLes confieso que no esperaba esto. Uno trabaja por convicci\u00f3n, no por reconocimiento, y en mi caso, todo lo que he hecho en CIPESA ha sido por cari\u00f1o, por lealtad y por el respeto que siempre he sentido por este gremio y por la salud p\u00fablica de mi pa\u00eds; este homenaje me toca profundamente porque viene de mi familia profesional, gracias por recordarme que cada d\u00eda vali\u00f3 y vale la pena\u201d.<\/p>\n<p>La directiva de CIPESA resalt\u00f3 que Mart\u00ednez es uno de los miembros con mayor tiempo activo en la instituci\u00f3n y un defensor constante del periodismo responsable y \u00e9tico. <\/p>\n<p>El acto concluy\u00f3 con un reconocimiento un\u00e1nime a trav\u00e9s de aplausos y ovaci\u00f3n al legado de Vinicio Mart\u00ednez, cuya dedicaci\u00f3n contin\u00faa inspirando a periodistas j\u00f3venes y veteranos en el ejercicio de un periodismo de salud responsable y comprometido con la sociedad dominicana.La entrega de reconocimiento fue realizada en la juramentaci\u00f3n de nuevos miembros cipesianos quienes eligieron la Casa de la Rector\u00eda de la UASD&nbsp; para tan importante y merecido galard\u00f3n. <br \/>Direcci\u00f3n de comunicaci\u00f3n, CIPESA<\/p>\n","protected":false},"excerpt":{"rendered":"<p>Santo Domingo, Rep\u00fablica Dominicana. \u2013 El C\u00edrculo de Periodistas de la Salud (CIPESA) rindi\u00f3 un homenaje especial al periodista Vinicio Mart\u00ednez, uno de los fundadores del gremio y figura fundamental en el desarrollo del periodismo sanitario en el pa\u00eds. El reconocimiento fue entregado por los periodistas Franklin Castillo y Victoriano N\u00fa\u00f1ez, expresidentes de CIPESA, junto [&hellip;]<\/p>\n","protected":false},"author":1,"featured_media":12817,"comment_status":"closed","ping_status":"closed","sticky":false,"template":"","format":"standard","meta":{"_eb_attr":"","footnotes":""},"categories":[43],"tags":[],"_links":{"self":[{"href":"https:\/\/informedesalud.com.do\/index.php?rest_route=\/wp\/v2\/posts\/12816"}],"collection":[{"href":"https:\/\/informedesalud.com.do\/index.php?rest_route=\/wp\/v2\/posts"}],"about":[{"href":"https:\/\/informedesalud.com.do\/index.php?rest_route=\/wp\/v2\/types\/post"}],"author":[{"embeddable":true,"href":"https:\/\/informedesalud.com.do\/index.php?rest_route=\/wp\/v2\/users\/1"}],"replies":[{"embeddable":true,"href":"https:\/\/informedesalud.com.do\/index.php?rest_route=%2Fwp%2Fv2%2Fcomments&post=12816"}],"version-history":[{"count":0,"href":"https:\/\/informedesalud.com.do\/index.php?rest_route=\/wp\/v2\/posts\/12816\/revisions"}],"wp:featuredmedia":[{"embeddable":true,"href":"https:\/\/informedesalud.com.do\/index.php?rest_route=\/wp\/v2\/media\/12817"}],"wp:attachment":[{"href":"https:\/\/informedesalud.com.do\/index.php?rest_route=%2Fwp%2Fv2%2Fmedia&parent=12816"}],"wp:term":[{"taxonomy":"category","embeddable":true,"href":"https:\/\/informedesalud.com.do\/index.php?rest_route=%2Fwp%2Fv2%2Fcategories&post=12816"},{"taxonomy":"post_tag","embeddable":true,"href":"https:\/\/informedesalud.com.do\/index.php?rest_route=%2Fwp%2Fv2%2Ftags&post=12816"}],"curies":[{"name":"wp","href":"https:\/\/api.w.org\/{rel}","templated":true}]}}