{"id":12800,"date":"2025-11-25T05:33:26","date_gmt":"2025-11-25T04:33:26","guid":{"rendered":"https:\/\/laconsultamedica.com.do\/?p=32860"},"modified":"2025-11-25T05:33:26","modified_gmt":"2025-11-25T04:33:26","slug":"inabie-juramenta-su-nuevo-encargado-regional-en-san-jose-de-ocoa","status":"publish","type":"post","link":"https:\/\/informedesalud.com.do\/?p=12800","title":{"rendered":"INABIE juramenta su nuevo encargado regional en San Jos\u00e9 de Ocoa"},"content":{"rendered":"<div><img decoding=\"async\" src=\"https:\/\/laconsultamedica.com.do\/wp-content\/uploads\/2025\/11\/image_editor_output_image-571979262-1764045224182.jpg\" class=\"ff-og-image-inserted\"><\/div>\n<p>San Jos\u00e9 de Ocoa. \u2013 El Instituto Nacional de Bienestar Estudiantil (INABIE) jurament\u00f3 a Amauris A. Rodr\u00edguez como su nuevo encargado regional en esta provincia, durante un acto celebrado en la Gobernaci\u00f3n Provincial.<\/p>\n<p>Al encabezar el acto, en representaci\u00f3n del director ejecutivo del INABIE, Adolfo P\u00e9rez, el subdirector, Luis Valdez, resalt\u00f3 el valor de estas designaciones para fortalecer el trabajo territorial del INABIE y continuar mejorando los servicios destinados a la comunidad educativa.<\/p>\n<p>\u201cCada nuevo encargado regional representa un compromiso renovado con la transparencia, la eficiencia y la cercan\u00eda, tal como establece la visi\u00f3n de nuestra Direcci\u00f3n Ejecutiva. El objetivo es que ning\u00fan estudiante quede sin recibir los servicios que merece, y para ello necesitamos equipos locales fuertes y comprometidos\u201d, afirm\u00f3 Valdez.<\/p>\n<p>Luego de ser juramentado, Rodr\u00edguez expres\u00f3 su compromiso de trabajar de manera incansable para garantizar que los estudiantes de San Jos\u00e9 de Ocoa reciban, de forma oportuna y con calidad, todos los servicios que brinda el INABIE, entre ellos la alimentaci\u00f3n escolar balanceada, la utiler\u00eda escolar y el acceso a los programas de salud integral estudiantil. <\/p>\n<p>Asimismo, agradeci\u00f3 al director ejecutivo del INABIE por la confianza depositada en su persona. \u201cEsta designaci\u00f3n es una oportunidad para seguir aportando a la educaci\u00f3n p\u00fablica de nuestra provincia. Asumo este compromiso con responsabilidad, entrega y el firme prop\u00f3sito de servir a nuestra comunidad educativa\u201d, manifest\u00f3 Rodr\u00edguez.<\/p>\n<p>Tambi\u00e9n participaron Santo Gervacio, coordinador de las Oficinas de Representaci\u00f3n Provincial del INABIE; la gobernadora Josefa Oliva Castillo de Peralta; Sandra Encarnaci\u00f3n, directora del Distrito Escolar 03-03; Ambiorix Rosi, alto dirigente del Partido Revolucionario Moderno (PRM) en esta provincia y&nbsp; otras autoridades civiles y militares. <\/p>\n<p>Con esta juramentaci\u00f3n, el INABIE reafirma su compromiso de fortalecer su estructura territorial para brindar un acompa\u00f1amiento m\u00e1s cercano, eficiente y transparente a las comunidades educativas del pa\u00eds.<\/p>\n","protected":false},"excerpt":{"rendered":"<p>San Jos\u00e9 de Ocoa. \u2013 El Instituto Nacional de Bienestar Estudiantil (INABIE) jurament\u00f3 a Amauris A. Rodr\u00edguez como su nuevo encargado regional en esta provincia, durante un acto celebrado en la Gobernaci\u00f3n Provincial. Al encabezar el acto, en representaci\u00f3n del director ejecutivo del INABIE, Adolfo P\u00e9rez, el subdirector, Luis Valdez, resalt\u00f3 el valor de estas [&hellip;]<\/p>\n","protected":false},"author":1,"featured_media":12801,"comment_status":"closed","ping_status":"closed","sticky":false,"template":"","format":"standard","meta":{"_eb_attr":"","footnotes":""},"categories":[36],"tags":[],"_links":{"self":[{"href":"https:\/\/informedesalud.com.do\/index.php?rest_route=\/wp\/v2\/posts\/12800"}],"collection":[{"href":"https:\/\/informedesalud.com.do\/index.php?rest_route=\/wp\/v2\/posts"}],"about":[{"href":"https:\/\/informedesalud.com.do\/index.php?rest_route=\/wp\/v2\/types\/post"}],"author":[{"embeddable":true,"href":"https:\/\/informedesalud.com.do\/index.php?rest_route=\/wp\/v2\/users\/1"}],"replies":[{"embeddable":true,"href":"https:\/\/informedesalud.com.do\/index.php?rest_route=%2Fwp%2Fv2%2Fcomments&post=12800"}],"version-history":[{"count":0,"href":"https:\/\/informedesalud.com.do\/index.php?rest_route=\/wp\/v2\/posts\/12800\/revisions"}],"wp:featuredmedia":[{"embeddable":true,"href":"https:\/\/informedesalud.com.do\/index.php?rest_route=\/wp\/v2\/media\/12801"}],"wp:attachment":[{"href":"https:\/\/informedesalud.com.do\/index.php?rest_route=%2Fwp%2Fv2%2Fmedia&parent=12800"}],"wp:term":[{"taxonomy":"category","embeddable":true,"href":"https:\/\/informedesalud.com.do\/index.php?rest_route=%2Fwp%2Fv2%2Fcategories&post=12800"},{"taxonomy":"post_tag","embeddable":true,"href":"https:\/\/informedesalud.com.do\/index.php?rest_route=%2Fwp%2Fv2%2Ftags&post=12800"}],"curies":[{"name":"wp","href":"https:\/\/api.w.org\/{rel}","templated":true}]}}