{"id":12797,"date":"2025-11-24T03:18:02","date_gmt":"2025-11-24T02:18:02","guid":{"rendered":"https:\/\/laconsultamedica.com.do\/?p=32838"},"modified":"2025-11-24T03:18:02","modified_gmt":"2025-11-24T02:18:02","slug":"presidente-abinader-inaugura-direccion-de-vehiculos-no-tripulados-del-c5i-cuarteles-farmacia-y-oficinas-asi-como-areas-del-regimiento-guardia-de-honor-y-de-la-unidad-contraterrorista-en-el-mide","status":"publish","type":"post","link":"https:\/\/informedesalud.com.do\/?p=12797","title":{"rendered":"Presidente Abinader inaugura Direcci\u00f3n de Veh\u00edculos No Tripulados del C5i, cuarteles, farmacia y oficinas, as\u00ed como \u00e1reas del Regimiento Guardia de Honor y de la Unidad Contraterrorista en el MIDE"},"content":{"rendered":"<div><img decoding=\"async\" src=\"https:\/\/laconsultamedica.com.do\/wp-content\/uploads\/2025\/11\/image_editor_output_image-81523779-1763950703716.jpg\" class=\"ff-og-image-inserted\"><\/div>\n<p>Santo Domingo.\u2013 Para reafirmar el compromiso del Gobierno con la dignificaci\u00f3n del personal militar y la modernizaci\u00f3n de la infraestructura castrense, el presidente Luis Abinader encabez\u00f3 este domingo la inauguraci\u00f3n de nuevas y remozadas obras en las instalaciones del recinto militar General de Divisi\u00f3n Mat\u00edas Ram\u00f3n Mella, sede del Ministerio de Defensa (MIDE).<\/p>\n<p>El jefe de Estado resalt\u00f3 que durante los cinco a\u00f1os de su mandato las instituciones castrenses han sido equipadas con veh\u00edculos y otros elementos necesarios para cumplir con su misi\u00f3n de defender la naci\u00f3n. Tambi\u00e9n anunci\u00f3 que contar\u00e1n con m\u00e1s \u201cdrones o equipos no tripulados para proteger cada vez m\u00e1s a nuestro pa\u00eds\u00bb.<\/p>\n<p>Manifest\u00f3 que desde su llegada a la Presidencia de la Rep\u00fablica est\u00e1 enfocado en mejorar las condiciones de las instituciones castrenses para colocarla en el nivel que requiere el momento y que para ello pueden seguir contando con su apoyo.<\/p>\n<p>\u00abHoy podemos decir que ya tenemos una Fuerzas Armadas al nivel que requieren la circunstancias\u00bb, enfatiz\u00f3 el mandatario.<\/p>\n<p>El ministro de Defensa, teniente general Carlos Antonio Fern\u00e1ndez Onofre, destac\u00f3 que estas mejoras forman parte del plan de trabajo orientado a elevar la calidad de vida y las condiciones de servicio de los soldados.<\/p>\n<p>Se renovaron las \u00e1reas del Regimiento Guardia de Honor, el cual se encarga de la seguridad, la rendici\u00f3n de honores y la custodia de monumentos patrios. Los trabajos incluyeron una nueva fachada, recepci\u00f3n, armer\u00edas, dep\u00f3sitos, escaleras y pasillos, oficinas, nuevas barber\u00edas para oficiales y alistados y un moderno sal\u00f3n de belleza para damas.<\/p>\n<p>Tambi\u00e9n se construy\u00f3 un nuevo cuartel para 150 alistados y se remozaron los cuarteles existentes del Regimiento y la Polic\u00eda Militar, ahora con una capacidad combinada para alojar 483 soldados en espacios climatizados, con nuevos ba\u00f1os, camas, armarios, \u00e1reas de esparcimiento y condiciones dignas para el servicio militar.<\/p>\n<p>Se entregaron habitaciones renovadas para oficiales superiores y un cuartel remozado para oficiales subalternos.<\/p>\n<p>Tambi\u00e9n se realizaron mejoras al \u00e1rea social del Club de Oficiales, que incluyen el restaurante y la cafeter\u00eda La Trinchera, la piscina con nuevos ba\u00f1os, gazebos, parrilada, parque infantil y espacios recreativos.<\/p>\n<p>\u201cEl sano esparcimiento de nuestros militares y sus familias es una prioridad dentro de nuestra gesti\u00f3n\u201d, afirm\u00f3 el ministro.<\/p>\n<p>Adem\u00e1s, se pusieron en funcionamiento las nuevas oficinas y dep\u00f3sitos del Plan Social de las Fuerzas Armadas.<\/p>\n<p>Unidades especializadas y fortalecimiento tecnol\u00f3gico<\/p>\n<p>De igual forma, se remoz\u00f3 la Unidad de Comando Especial Contraterrorista, equipada ahora con cuarteles climatizados, nuevos ba\u00f1os, salas de estar, mobiliario moderno y nuevo equipamiento militar y log\u00edstico.<\/p>\n<p>En el \u00e1mbito tecnol\u00f3gico, el presidente Abinader dej\u00f3 inaugurada la Direcci\u00f3n General de Veh\u00edculos No Tripulados del C5i, dotada de tecnolog\u00eda de \u00faltima generaci\u00f3n para fortalecer la vigilancia estrat\u00e9gica y la respuesta operativa de las Fuerzas Armadas en todo el territorio nacional.<\/p>\n<p>Modernizaci\u00f3n de la Radioemisora Cultural y fortalecimiento de la presencia estatal en la frontera<\/p>\n<p>En las renovaciones del MIDE se contempl\u00f3 adem\u00e1s la reapertura de la Radioemisora Cultural \u201cLa Voz de las Fuerzas Armadas\u201d, que ahora cuenta con estaciones modernizadas en Santo Domingo y Alto Bandera, as\u00ed como nuevos transmisores repetidores instalados en Montecristi, Dajab\u00f3n, Independencia, El\u00edas Pi\u00f1a y Pedernales.<\/p>\n<p>El ministro Fern\u00e1ndez Onofre agradeci\u00f3 el apoyo del presidente del Consejo Directivo de Indotel, doctor Guido G\u00f3mez Mazara, por su contribuci\u00f3n en este proceso de modernizaci\u00f3n.<\/p>\n<p>Nuevos servicios para militares en retiro<\/p>\n<p>Para fortalecer la atenci\u00f3n a los miembros de las Fuerzas Armadas en condici\u00f3n de retiro, se inaugur\u00f3 una moderna farmacia en la Junta de Retiro y Fondo de Pensiones, destinada a la entrega gratuita de medicamentos. Asimismo, fueron ampliadas y equipadas las \u00e1reas de recepci\u00f3n, certificaciones, consultas m\u00e9dicas, oficina de libre acceso a la informaci\u00f3n, nuevos dispensarios y almacenes para acci\u00f3n social.<\/p>\n","protected":false},"excerpt":{"rendered":"<p>Santo Domingo.\u2013 Para reafirmar el compromiso del Gobierno con la dignificaci\u00f3n del personal militar y la modernizaci\u00f3n de la infraestructura castrense, el presidente Luis Abinader encabez\u00f3 este domingo la inauguraci\u00f3n de nuevas y remozadas obras en las instalaciones del recinto militar General de Divisi\u00f3n Mat\u00edas Ram\u00f3n Mella, sede del Ministerio de Defensa (MIDE). El jefe [&hellip;]<\/p>\n","protected":false},"author":1,"featured_media":0,"comment_status":"closed","ping_status":"closed","sticky":false,"template":"","format":"standard","meta":{"_eb_attr":"","footnotes":""},"categories":[36],"tags":[],"_links":{"self":[{"href":"https:\/\/informedesalud.com.do\/index.php?rest_route=\/wp\/v2\/posts\/12797"}],"collection":[{"href":"https:\/\/informedesalud.com.do\/index.php?rest_route=\/wp\/v2\/posts"}],"about":[{"href":"https:\/\/informedesalud.com.do\/index.php?rest_route=\/wp\/v2\/types\/post"}],"author":[{"embeddable":true,"href":"https:\/\/informedesalud.com.do\/index.php?rest_route=\/wp\/v2\/users\/1"}],"replies":[{"embeddable":true,"href":"https:\/\/informedesalud.com.do\/index.php?rest_route=%2Fwp%2Fv2%2Fcomments&post=12797"}],"version-history":[{"count":0,"href":"https:\/\/informedesalud.com.do\/index.php?rest_route=\/wp\/v2\/posts\/12797\/revisions"}],"wp:attachment":[{"href":"https:\/\/informedesalud.com.do\/index.php?rest_route=%2Fwp%2Fv2%2Fmedia&parent=12797"}],"wp:term":[{"taxonomy":"category","embeddable":true,"href":"https:\/\/informedesalud.com.do\/index.php?rest_route=%2Fwp%2Fv2%2Fcategories&post=12797"},{"taxonomy":"post_tag","embeddable":true,"href":"https:\/\/informedesalud.com.do\/index.php?rest_route=%2Fwp%2Fv2%2Ftags&post=12797"}],"curies":[{"name":"wp","href":"https:\/\/api.w.org\/{rel}","templated":true}]}}