{"id":12775,"date":"2025-11-24T03:06:03","date_gmt":"2025-11-24T02:06:03","guid":{"rendered":"https:\/\/laconsultamedica.com.do\/?p=32792"},"modified":"2025-11-24T03:06:03","modified_gmt":"2025-11-24T02:06:03","slug":"presidente-abinader-encabeza-entrega-de-rd150-millones-en-creditos-a-traves-de-promipyme-y-becas-para-capacitaciones-en-tecnologia-por-medio-del-indotel","status":"publish","type":"post","link":"https:\/\/informedesalud.com.do\/?p=12775","title":{"rendered":"Presidente Abinader encabeza entrega de RD$150 millones en cr\u00e9ditos a trav\u00e9s de Promipyme y becas para capacitaciones en tecnolog\u00eda por medio del Indotel"},"content":{"rendered":"<p><em><strong>Jornada promueve la inclusi\u00f3n financiera y transformaci\u00f3n digital en la circunscripci\u00f3n 3_<\/strong><\/em><\/p>\n<p><em><strong>_Mandatario recibe reconocimiento durante cierre de Expo Constituci\u00f3n 2025_<\/strong><\/em><\/p>\n<p>*Santo Domingo.*\u2013 En apoyo a microempresarios y emprendedores, el presidente Luis Abinader encabez\u00f3 la entrega de RD$150 millones en cr\u00e9ditos con tasas preferenciales a trav\u00e9s de Promipyme que les permitir\u00e1 reponer p\u00e9rdidas posteriores al paso de la tormenta Melissa y fortalecer sus inventarios para la temporada navide\u00f1a, aportando as\u00ed al dinamismo econ\u00f3mico.<\/p>\n<p>Adem\u00e1s, en el mismo acto, el Indotel continu\u00f3 la entrega de becas para capacitaciones en habilidades tecnol\u00f3gicas que permitan a los ciudadanos acceder a mejores oportunidades de empleo.<\/p>\n<p>El jefe de Estado destac\u00f3 que est\u00e1 combinaci\u00f3n de f\u00e1cil acceso a cr\u00e9dito que impulsa el Gobierno, en conjunto con los programas de formaci\u00f3n gratuita en diversas \u00e1reas, han contribuido con la disminuci\u00f3n de la pobreza en el pa\u00eds. <\/p>\n<p>En ese sentido cit\u00f3 el programa _Tu firma es tu garant\u00eda_, que permite a personas con limitados recursos, obtener cr\u00e9ditos de una manera m\u00e1s r\u00e1pida con tasas de inter\u00e9s muy por debajo de lo que ofrece el mercado informal.<\/p>\n<p>Estas pol\u00edticas han demostrado ser exitosas para la mejor\u00eda de la calidad de vida de los ciudadanos en comunidades que m\u00e1s lo necesitan, creando mejores oportunidades de empleo.<\/p>\n<figure class=\"wp-block-image size-large\"><img fetchpriority=\"high\" fetchpriority=\"high\" decoding=\"async\" width=\"1024\" height=\"682\" src=\"https:\/\/laconsultamedica.com.do\/wp-content\/uploads\/2025\/11\/image_editor_output_image-828297658-1763948748876327192943255403668-1024x682.jpg\" alt class=\"wp-image-32790\" srcset=\"https:\/\/laconsultamedica.com.do\/wp-content\/uploads\/2025\/11\/image_editor_output_image-828297658-1763948748876327192943255403668-1024x682.jpg 1024w, https:\/\/laconsultamedica.com.do\/wp-content\/uploads\/2025\/11\/image_editor_output_image-828297658-1763948748876327192943255403668-300x200.jpg 300w, https:\/\/laconsultamedica.com.do\/wp-content\/uploads\/2025\/11\/image_editor_output_image-828297658-1763948748876327192943255403668-768x512.jpg 768w, https:\/\/laconsultamedica.com.do\/wp-content\/uploads\/2025\/11\/image_editor_output_image-828297658-1763948748876327192943255403668-1536x1023.jpg 1536w, https:\/\/laconsultamedica.com.do\/wp-content\/uploads\/2025\/11\/image_editor_output_image-828297658-1763948748876327192943255403668-750x500.jpg 750w, https:\/\/laconsultamedica.com.do\/wp-content\/uploads\/2025\/11\/image_editor_output_image-828297658-1763948748876327192943255403668-1140x760.jpg 1140w, https:\/\/laconsultamedica.com.do\/wp-content\/uploads\/2025\/11\/image_editor_output_image-828297658-1763948748876327192943255403668.jpg 1600w\" sizes=\"(max-width: 1024px) 100vw, 1024px\"><\/figure>\n<p>En la jornada de pr\u00e9stamos de este domingo, se impact\u00f3 favorablemente a 630 microempresarios de la circunscripci\u00f3n 3 del Distrito Nacional, de los cuales, el 64% est\u00e1 liderado por mujeres, fortaleciendo cada vez m\u00e1s su participaci\u00f3n en el aparato econ\u00f3mico nacional. <\/p>\n<p>La misma fue organizada por el Consejo Nacional de Promoci\u00f3n y Apoyo a la Micro, Mediana y Peque\u00f1a Empresa (Promipyme) y el Instituto Dominicano de las telecomunicaciones (Indotel), uni\u00f3n que no s\u00f3lo respalda la inclusi\u00f3n financiera, sino tambi\u00e9n la transformaci\u00f3n digital en la circunscripci\u00f3n 3 del Distrito Nacional.<\/p>\n<p>El director de Promipyme, Fabricio G\u00f3mez Mazara, indic\u00f3 que dicha instituci\u00f3n recibi\u00f3 RD$1,500 millones de los fondos de emergencia dispuestos por el presidente Abinader tras la tormenta Melissa, monto que les ha permito responder con prontitud a las solicitudes recibidas.<\/p>\n<p>De los RD$150 millones otorgados este domingo, RD$950 millones provienen del referido fondo de emergencia y los RD$600 millones restantes, a recursos propios.<\/p>\n<p>Su titular inform\u00f3 que se realizar\u00e1n m\u00e1s ferias de cr\u00e9dito en el Gran Santo Domingo y San Crist\u00f3bal. Desde su llegada a la misma, se han otorgado RD$3,550 millones, siendo las mujeres las m\u00e1s beneficiadas, alcanzando un 52%.<\/p>\n<p>*Transformaci\u00f3n digital* <\/p>\n<p>De su lado, el presidente del Consejo Directivo de Indotel, Guido G\u00f3mez Mazara, respald\u00f3 las afirmaciones del presidente Abinader, al indicar que 75% de las personas que poseen destreza tecnol\u00f3gica, consiguen empleo m\u00e1s r\u00e1pido.<\/p>\n<p>Es por esto que lo que resta de a\u00f1o, el Indotel continuar\u00e1 capacitando en habilidades tecnol\u00f3gicas a cientos de residentes se sectores populares para ampliar sus oportunidades de desarrollo.<\/p>\n<p>*Presidente recibe reconocimiento durante cierre de Expo Constituci\u00f3n 2025*<\/p>\n<p>M\u00e1s temprano, el presidente Abinader fue reconocido por la C\u00e1mara de Comercio y Producci\u00f3n de San Crist\u00f3bal durante el cierre de Expo Constituci\u00f3n 2025, que valor\u00f3 su liderazgo institucional y las iniciativas impulsadas por su Gobierno para fortalecer el desarrollo productivo de la regi\u00f3n Sur, apoyando factores como la modernizaci\u00f3n e innovaci\u00f3n, as\u00ed como la libre empresa, resalt\u00f3 el presidente de la C\u00e1mara, V\u00edctor Ram\u00f3n Mont\u00e1s.<\/p>\n<p>Al agradecer la distinci\u00f3n, Abinader destac\u00f3 el esfuerzo conjunto que ha permitido avanzar en proyectos clave para San Crist\u00f3bal y reiter\u00f3 que su agenda prioriza la educaci\u00f3n p\u00fablica, el desarrollo social, la recuperaci\u00f3n de los barrios y la mejora de la calidad de vida de la poblaci\u00f3n.<\/p>\n<p>En ese mismo escenario, el ministro de Industria, Comercio y Mipymes, V\u00edctor -Ito- Bison\u00f3, entreg\u00f3 la acreditaci\u00f3n de la Denominaci\u00f3n de Origen del Aguacate de Cambita al Cl\u00faster del mismo nombre, un producto emblem\u00e1tico de la provincia que ahora cuenta con el respaldo t\u00e9cnico necesario para competir en mercados internacionales. Adem\u00e1s se fortalece la capacidad del pa\u00eds para validar sus propios productos y reducir la dependencia de organismos externos. <\/p>\n<p>Este logro es producto del trabajo coordinado del MICM, el ODAC, el CODOCA y al apoyo de la Uni\u00f3n Europea.<\/p>\n","protected":false},"excerpt":{"rendered":"<p>Jornada promueve la inclusi\u00f3n financiera y transformaci\u00f3n digital en la circunscripci\u00f3n 3_ _Mandatario recibe reconocimiento durante cierre de Expo Constituci\u00f3n 2025_ *Santo Domingo.*\u2013 En apoyo a microempresarios y emprendedores, el presidente Luis Abinader encabez\u00f3 la entrega de RD$150 millones en cr\u00e9ditos con tasas preferenciales a trav\u00e9s de Promipyme que les permitir\u00e1 reponer p\u00e9rdidas posteriores al [&hellip;]<\/p>\n","protected":false},"author":1,"featured_media":12776,"comment_status":"closed","ping_status":"closed","sticky":false,"template":"","format":"standard","meta":{"_eb_attr":"","footnotes":""},"categories":[43],"tags":[],"_links":{"self":[{"href":"https:\/\/informedesalud.com.do\/index.php?rest_route=\/wp\/v2\/posts\/12775"}],"collection":[{"href":"https:\/\/informedesalud.com.do\/index.php?rest_route=\/wp\/v2\/posts"}],"about":[{"href":"https:\/\/informedesalud.com.do\/index.php?rest_route=\/wp\/v2\/types\/post"}],"author":[{"embeddable":true,"href":"https:\/\/informedesalud.com.do\/index.php?rest_route=\/wp\/v2\/users\/1"}],"replies":[{"embeddable":true,"href":"https:\/\/informedesalud.com.do\/index.php?rest_route=%2Fwp%2Fv2%2Fcomments&post=12775"}],"version-history":[{"count":0,"href":"https:\/\/informedesalud.com.do\/index.php?rest_route=\/wp\/v2\/posts\/12775\/revisions"}],"wp:featuredmedia":[{"embeddable":true,"href":"https:\/\/informedesalud.com.do\/index.php?rest_route=\/wp\/v2\/media\/12776"}],"wp:attachment":[{"href":"https:\/\/informedesalud.com.do\/index.php?rest_route=%2Fwp%2Fv2%2Fmedia&parent=12775"}],"wp:term":[{"taxonomy":"category","embeddable":true,"href":"https:\/\/informedesalud.com.do\/index.php?rest_route=%2Fwp%2Fv2%2Fcategories&post=12775"},{"taxonomy":"post_tag","embeddable":true,"href":"https:\/\/informedesalud.com.do\/index.php?rest_route=%2Fwp%2Fv2%2Ftags&post=12775"}],"curies":[{"name":"wp","href":"https:\/\/api.w.org\/{rel}","templated":true}]}}