{"id":12764,"date":"2025-11-21T12:15:08","date_gmt":"2025-11-21T11:15:08","guid":{"rendered":"https:\/\/laconsultamedica.com.do\/?p=32749"},"modified":"2025-11-21T12:15:08","modified_gmt":"2025-11-21T11:15:08","slug":"aduanas-del-caribe-se-reunen-en-la-republica-dominicana-para-fortalecer-sus-capacidades-y-competencias","status":"publish","type":"post","link":"https:\/\/informedesalud.com.do\/?p=12764","title":{"rendered":"Aduanas del Caribe se re\u00fanen en la Rep\u00fablica Dominicana para fortalecer sus capacidades y competencias"},"content":{"rendered":"<div><img decoding=\"async\" src=\"https:\/\/laconsultamedica.com.do\/wp-content\/uploads\/2025\/11\/image_editor_output_image1363347294-1763723749958.jpg\" class=\"ff-og-image-inserted\"><\/div>\n<p>Santo Domingo.- Representantes de las aduanas de 12 pa\u00edses del Caribe se re\u00fanen en la Rep\u00fablica Dominicana en busca de fortalecer sus capacidades institucionales,sus recursos humanos, mejorar la seguridad fronteriza y el intercambio de informaci\u00f3n aduanera entre pa\u00edses.<\/p>\n<p>Esto en el marco de la Reuni\u00f3n del Comit\u00e9 Ejecutivo y grupos de trabajo del Consejo del Caribe para la Aplicaci\u00f3n de las Leyes Aduaneras (CCALA\/CCLEC), que agrupa a las aduanas de habla inglesa, francesa y neerlandesa, del que tambi\u00e9n son parte de este foro la Rep\u00fablica Dominicana, Cuba, entre otros. <\/p>\n<p>El director general de Aduanas, Yayo Sanz Lovat\u00f3n, destac\u00f3 que tanto el presidente Luis Abinader, como el canciller Roberto \u00c1lvarez, apoyan la ratificaci\u00f3n del acuerdo que se aprob\u00f3 en Cuba 2019, y&nbsp; que establece que esta entidad ser\u00e1 sustituida por la Organizaci\u00f3n de Aduanas del Caribe. Y que requiere el voto favorable de al menos diez pa\u00edses miembros. <\/p>\n<p>\u201cPodemos afirmar que la Rep\u00fablica Dominicana seguir\u00e1 impulsando este acuerdo y esperamos que todas sus administraciones aduaneras se unan a nosotros en este esfuerzo. Es algo que la regi\u00f3n del Caribe necesita con urgencia\u201d,expres\u00f3 Sanz Lovat\u00f3n durante el inicio de la reuni\u00f3n. <\/p>\n<p>Signific\u00f3, adem\u00e1s, que el entorno actual del comercio mundial est\u00e1 colocando al Caribe en la primera l\u00ednea de los movimientos del comercio internacional. <\/p>\n<p>En la reuni\u00f3n se pas\u00f3 revista a las acciones realizadas de a\u00f1os anteriores y las que se har\u00e1n en el futuro relacionadas con la cooperaci\u00f3n regional, inteligencia, fortalecimiento de las capacidades, la ciberseguridad y el intercambio de informaci\u00f3n, que sigue siendo un pilar entre estas entidades para combatir las actividades de las organizaciones delictivas, como el contrabando, entre otros. <\/p>\n<p>El encuentro, encabezado por Roderick Lionel Croes, presidente del CCLEC, y Claude Paul, secretario permanente, tambi\u00e9n es clave para la estabilidad econ\u00f3mica y de seguridad en el Caribe, y propicia una respuesta colectiva ante las amenazas transnacionales.&nbsp; <\/p>\n<p>Est\u00e1n presentes las aduanas de Aruba, Antigua y Barbuda, Barbados, Bermuda, Islas V\u00edrgenes Brit\u00e1nicas, Islas Caim\u00e1n, Pa\u00edses Bajos, Hait\u00ed, Jamaica, Montserrat,&nbsp; Santa Luc\u00eda y Rep\u00fablica Dominicana. <\/p>\n<p>El CCLEC es un organismo establecido en la d\u00e9cada de 1970, formalizado mediante memor\u00e1ndum de entendimiento de fecha 1989, con sede en Santa Luc\u00eda, es una organizaci\u00f3n regional que promueve la cooperaci\u00f3n aduanera, la seguridad fronteriza y la facilitaci\u00f3n del comercio en el Caribe y las Am\u00e9ricas.<\/p>\n<p>Forman parte del Comit\u00e9 Ejecutivo del CCLA\/CCLEC Anguilla, Antigua y Barbuda, Aruba, Bahamas, Barbados, Bermudas, Islas V\u00edrgenes Brit\u00e1nicas, Islas Caim\u00e1n, Rep\u00fablica Dominicana, Francia, Hait\u00ed, Jamaica, Montserrat, Pa\u00edses Bajos, St Kitts &amp; Nevis, Santa Luc\u00eda y San Vicente.<\/p>\n","protected":false},"excerpt":{"rendered":"<p>Santo Domingo.- Representantes de las aduanas de 12 pa\u00edses del Caribe se re\u00fanen en la Rep\u00fablica Dominicana en busca de fortalecer sus capacidades institucionales,sus recursos humanos, mejorar la seguridad fronteriza y el intercambio de informaci\u00f3n aduanera entre pa\u00edses. Esto en el marco de la Reuni\u00f3n del Comit\u00e9 Ejecutivo y grupos de trabajo del Consejo del [&hellip;]<\/p>\n","protected":false},"author":1,"featured_media":12765,"comment_status":"closed","ping_status":"closed","sticky":false,"template":"","format":"standard","meta":{"_eb_attr":"","footnotes":""},"categories":[36],"tags":[],"_links":{"self":[{"href":"https:\/\/informedesalud.com.do\/index.php?rest_route=\/wp\/v2\/posts\/12764"}],"collection":[{"href":"https:\/\/informedesalud.com.do\/index.php?rest_route=\/wp\/v2\/posts"}],"about":[{"href":"https:\/\/informedesalud.com.do\/index.php?rest_route=\/wp\/v2\/types\/post"}],"author":[{"embeddable":true,"href":"https:\/\/informedesalud.com.do\/index.php?rest_route=\/wp\/v2\/users\/1"}],"replies":[{"embeddable":true,"href":"https:\/\/informedesalud.com.do\/index.php?rest_route=%2Fwp%2Fv2%2Fcomments&post=12764"}],"version-history":[{"count":0,"href":"https:\/\/informedesalud.com.do\/index.php?rest_route=\/wp\/v2\/posts\/12764\/revisions"}],"wp:featuredmedia":[{"embeddable":true,"href":"https:\/\/informedesalud.com.do\/index.php?rest_route=\/wp\/v2\/media\/12765"}],"wp:attachment":[{"href":"https:\/\/informedesalud.com.do\/index.php?rest_route=%2Fwp%2Fv2%2Fmedia&parent=12764"}],"wp:term":[{"taxonomy":"category","embeddable":true,"href":"https:\/\/informedesalud.com.do\/index.php?rest_route=%2Fwp%2Fv2%2Fcategories&post=12764"},{"taxonomy":"post_tag","embeddable":true,"href":"https:\/\/informedesalud.com.do\/index.php?rest_route=%2Fwp%2Fv2%2Ftags&post=12764"}],"curies":[{"name":"wp","href":"https:\/\/api.w.org\/{rel}","templated":true}]}}