{"id":12762,"date":"2025-11-21T12:17:28","date_gmt":"2025-11-21T11:17:28","guid":{"rendered":"https:\/\/laconsultamedica.com.do\/?p=32752"},"modified":"2025-11-21T12:17:28","modified_gmt":"2025-11-21T11:17:28","slug":"ministro-luis-miguel-de-camps-encabeza-primera-accion-formativa-de-agentes-al-100-con-jornada-de-limpieza-en-la-playa-de-montesinos","status":"publish","type":"post","link":"https:\/\/informedesalud.com.do\/?p=12762","title":{"rendered":"Ministro Luis Miguel De Camps encabeza primera acci\u00f3n formativa de \u201cAgentes al 100\u201d con jornada de limpieza en la Playa de Montesinos"},"content":{"rendered":"<div><img decoding=\"async\" src=\"https:\/\/laconsultamedica.com.do\/wp-content\/uploads\/2025\/11\/image_editor_output_image-1845522516-1763723889143.jpg\" class=\"ff-og-image-inserted\"><\/div>\n<p>SANTO DOMINGO.-&nbsp; El ministro de Educaci\u00f3n, Luis Miguel De Camps, encabez\u00f3 este jueves la primera acci\u00f3n formativa del voluntariado Ciudadano al 100, durante una jornada de recolecci\u00f3n de desechos en la Playa de Montesinos, en el Distrito Nacional, en la que m\u00e1s de un centenar de estudiantes Agentes al 100 reafirmaron su compromiso con el cuidado del entorno y la responsabilidad c\u00edvica.<\/p>\n<p>Los estudiantes, que provinieron de San Crist\u00f3bal, Santo Domingo Este, Distrito Nacional y San Pedro de Macor\u00eds, mostraron su entusiasmo al participar activamente en las labores de limpieza, al tiempo que evidenciaron su sentido de responsabilidad social y su disposici\u00f3n a involucrarse en iniciativas que contribuyen al bienestar colectivo. <\/p>\n<p>Durante la actividad, De Camps destac\u00f3 que el programa Agentes al 100 se enmarca en los esfuerzos de los puntos de la Hoja de Ruta 2025-2028, que coloca la educaci\u00f3n en valores como eje central de la pol\u00edtica educativa nacional. Subray\u00f3 que esta iniciativa promueve la participaci\u00f3n estudiantil, la gobernanza compartida y la formaci\u00f3n integral de los j\u00f3venes.<\/p>\n<p>\u201cEs importante que ustedes sepan que la labor que desarrollan con el ejemplo de hoy es una labor que les va a beneficiar como persona, como ciudadanos. Porque a trav\u00e9s de esta labor se est\u00e1 sirviendo al pa\u00eds y a trav\u00e9s de ese servicio se est\u00e1n sirviendo a s\u00ed mismos, se est\u00e1 sirviendo a sus familias, se est\u00e1 sirviendo a toda la comunidad\u201d, enfatiz\u00f3 De Camps.<\/p>\n<p>Durante la jornada, los estudiantes fueron orientados sobre pr\u00e1cticas de protecci\u00f3n del medioambiente, el manejo adecuado de los residuos y la importancia de adoptar h\u00e1bitos responsables para mitigar el impacto ambiental, reforzando as\u00ed el componente formativo de la actividad.<\/p>\n<p>El programa integra un sistema de insignias c\u00edvicas que reconoce la participaci\u00f3n de estudiantes, docentes y familias en actividades que fomentan la paz, la democracia, la identidad nacional y el respeto a los s\u00edmbolos patrios. <\/p>\n<p>Entre ellas se encuentran Ra\u00edces de la Naci\u00f3n, Defensor de la Democracia, Guardianes de los S\u00edmbolos, Embajador del Medioambiente, Voces de la Ley, Constructor de Paz, Escudo contra la Violencia, Coraz\u00f3n de Duarte, Valent\u00eda de Mella y Manos de S\u00e1nchez.<\/p>\n<p>Estas insignias forman parte del Sistema de Reconocimiento al M\u00e9rito C\u00edvico, alojado en el portal digital Ciudadanos al 100, donde los miembros de la comunidad educativa registran sus acciones, acceden a recursos formativos y muestran en tiempo real el impacto generado.<\/p>\n<p>La jornada concluy\u00f3 con un llamado a continuar construyendo, desde cada aula y cada comunidad, un pa\u00eds basado en el respeto, la cooperaci\u00f3n y la responsabilidad. <\/p>\n<p>El \u00f3rgano rector del sistema p\u00fablico preuniversitario asegur\u00f3 que Agentes al 100 marca el inicio de un movimiento nacional de voluntariado juvenil que transforma los valores c\u00edvicos en acciones concretas y los proyectos personales de los j\u00f3venes en compromiso aut\u00e9ntico con el pa\u00eds.<\/p>\n","protected":false},"excerpt":{"rendered":"<p>SANTO DOMINGO.-&nbsp; El ministro de Educaci\u00f3n, Luis Miguel De Camps, encabez\u00f3 este jueves la primera acci\u00f3n formativa del voluntariado Ciudadano al 100, durante una jornada de recolecci\u00f3n de desechos en la Playa de Montesinos, en el Distrito Nacional, en la que m\u00e1s de un centenar de estudiantes Agentes al 100 reafirmaron su compromiso con el [&hellip;]<\/p>\n","protected":false},"author":1,"featured_media":12763,"comment_status":"closed","ping_status":"closed","sticky":false,"template":"","format":"standard","meta":{"_eb_attr":"","footnotes":""},"categories":[36],"tags":[],"_links":{"self":[{"href":"https:\/\/informedesalud.com.do\/index.php?rest_route=\/wp\/v2\/posts\/12762"}],"collection":[{"href":"https:\/\/informedesalud.com.do\/index.php?rest_route=\/wp\/v2\/posts"}],"about":[{"href":"https:\/\/informedesalud.com.do\/index.php?rest_route=\/wp\/v2\/types\/post"}],"author":[{"embeddable":true,"href":"https:\/\/informedesalud.com.do\/index.php?rest_route=\/wp\/v2\/users\/1"}],"replies":[{"embeddable":true,"href":"https:\/\/informedesalud.com.do\/index.php?rest_route=%2Fwp%2Fv2%2Fcomments&post=12762"}],"version-history":[{"count":0,"href":"https:\/\/informedesalud.com.do\/index.php?rest_route=\/wp\/v2\/posts\/12762\/revisions"}],"wp:featuredmedia":[{"embeddable":true,"href":"https:\/\/informedesalud.com.do\/index.php?rest_route=\/wp\/v2\/media\/12763"}],"wp:attachment":[{"href":"https:\/\/informedesalud.com.do\/index.php?rest_route=%2Fwp%2Fv2%2Fmedia&parent=12762"}],"wp:term":[{"taxonomy":"category","embeddable":true,"href":"https:\/\/informedesalud.com.do\/index.php?rest_route=%2Fwp%2Fv2%2Fcategories&post=12762"},{"taxonomy":"post_tag","embeddable":true,"href":"https:\/\/informedesalud.com.do\/index.php?rest_route=%2Fwp%2Fv2%2Ftags&post=12762"}],"curies":[{"name":"wp","href":"https:\/\/api.w.org\/{rel}","templated":true}]}}