{"id":12736,"date":"2025-11-20T06:57:00","date_gmt":"2025-11-20T05:57:00","guid":{"rendered":"https:\/\/laconsultamedica.com.do\/?p=32689"},"modified":"2025-11-20T06:57:00","modified_gmt":"2025-11-20T05:57:00","slug":"indexacion-gradual-de-los-salarios","status":"publish","type":"post","link":"https:\/\/informedesalud.com.do\/?p=12736","title":{"rendered":"Indexaci\u00f3n gradual de los salarios"},"content":{"rendered":"<div><img decoding=\"async\" src=\"https:\/\/laconsultamedica.com.do\/wp-content\/uploads\/2025\/11\/arismendi-diaz-hace-60-anos-que-inicio-la-privatizacion-de-la-salud-focus-0-0-608-342.jpg\" class=\"ff-og-image-inserted\"><\/div>\n<p>El C\u00f3digo Tributario dispone la indexaci\u00f3n anual del l\u00edmite de los salarios exentos del impuesto sobre la renta, protegiendo a los trabajadores p\u00fablicos y privados. Pero la misma no se cumple desde el 2017 gravando a m\u00e1s de 924,956 afiliados de ingresos medios. Y para legalizar esta injusticia, su vigencia se deroga a\u00f1o tras a\u00f1o.<\/p>\n<p>En el 2026, esta maniobra a los trabajadores les costar\u00e1 13,764.3 millones de pesos en impuestos inmerecidos y sin ninguna garant\u00eda de retorno en servicios p\u00fablicos eficientes. A esta merma millonaria se agregan otros 40,000 millones por el gasto familiar de bolsillo de este grupo, comprimiendo a\u00fan m\u00e1s el presupuesto familiar de la clase media.<\/p>\n<p>El senador Omar Fern\u00e1ndez exigi\u00f3 al Gobierno cumplir con el C\u00f3digo Tributario ajustando la escala salarial exenta del Impuesto sobre la Renta.&nbsp; Esta pr\u00e1ctica ilegal e injusta constituye un castigo fiscal mantenido durante 10 a\u00f1os consecutivos.<\/p>\n<p>Seg\u00fan el Consejo Regional Empresarial y Social (CRES) el l\u00edmite de exenci\u00f3n actual deber\u00eda ser de 52,151 pesos, mientras permanece congelado en 34,685, con una diferencia de 17,466 pesos. Entre diciembre de 2017 y septiembre de 2025 la inflaci\u00f3n acumulada fue del 41.34%.<\/p>\n<p>El presidente Luis Abinader, reconoce que la indexaci\u00f3n salarial que manda el C\u00f3digo Tributario es una medida \u201cjusta y necesaria\u201d, pero advirti\u00f3 que su aplicaci\u00f3n disminuir\u00eda los ingresos del Gobierno, obligando a reducir \u00e1reas sensibles por su impacto social. \u201cEl Gobierno analiza c\u00f3mo aplicar la indexaci\u00f3n de la manera m\u00e1s equilibrada posible, que no comprometa el equilibrio presupuestario\u201d.<\/p>\n<p>Seg\u00fan el ministro de Hacienda y Econom\u00eda, Mag\u00edn D\u00edaz, la indexaci\u00f3n salarial disminuir\u00eda las recaudaciones en unos 25,000 millones anuales, \u00absi se hace de golpe\u201d. Reiter\u00f3 que el Gobierno est\u00e1 dispuesto a evaluar alternativas, siempre que no comprometan la estabilidad fiscal y que se aplique \u00abde manera gradual\u00bb.<\/p>\n<p>El economista Nelson Su\u00e1rez cuestion\u00f3 la exageraci\u00f3n oficial sobre el impacto de la indexaci\u00f3n, se\u00f1alando que la reducci\u00f3n del impuesto solo ser\u00eda de 13,764.3 millones y que en parte la misma ser\u00eda compensada con los impuestos adicionales a consecuencia de un mayor consumo de los asalariados privados y p\u00fablicos.<\/p>\n<p>El costo de la renuncia de una reforma fiscal integral no puede recaer sobre la econom\u00eda de los trabajadores porque carecen de capacidad de presi\u00f3n y de influencia pol\u00edtica<\/p>\n<p>Se\u00f1al\u00f3 el hecho de que mientras se les congela el l\u00edmite de exenci\u00f3n a los asalariados, cada a\u00f1o se aplican ajustes por inflaci\u00f3n, tasa cambiaria y valoraci\u00f3n de activos a las empresas y corporaciones exentas. <\/p>\n<p>Una pr\u00e1ctica que mantiene a los asalariados en franca desventaja y que ampl\u00eda la brecha de desigualdad en la distribuci\u00f3n del ingreso y de la riqueza nacional.<\/p>\n<p>\u201cEl Gobierno no tiene ninguna excusa v\u00e1lida para mantener una situaci\u00f3n que perjudica a los asalariados frente a su contraparte del sector empresarial. Si se mantiene la suspensi\u00f3n del ajuste por inflaci\u00f3n para los asalariados, cada aumento de sueldo que se aplique resultar\u00e1 en un impuesto fiscal mayor para los trabajadores\u201d.<\/p>\n<p>Esta pol\u00edtica inequitativa y concentradora del ingreso tambi\u00e9n empobrece a casi 200,000 pensionados cuyos ingresos, adem\u00e1s de insuficientes, se han devaluado durante m\u00e1s de una d\u00e9cada sin actualizar su poder adquisitivo. Por derecho y justicia, los envejecientes tambi\u00e9n demandan de las autoridades un reajuste que lleve alivio para salir de la pobreza extrema.<\/p>\n<p>Estamos ante un doble rasero: denegaci\u00f3n de derechos para la gran mayor\u00eda y mantenimiento de privilegios para las minor\u00edas. Esta situaci\u00f3n parcializada genera impotencia y resentimientos de la gente com\u00fan que, al ser recurrente, fomentan la p\u00e9rdida de esperanzas y de respeto a las instituciones y a los valores democr\u00e1ticos, erosionando la gobernanza.<\/p>\n<p>Se trata de una situaci\u00f3n insostenible, de una pr\u00e1ctica que discrimina a la mayor\u00eda y perpet\u00faa beneficios y privilegios a los grupos y sectores m\u00e1s influyentes. El gobierno del cambio no puede cargar con esa injusticia. El pa\u00eds espera que el presidente Luis Abinader impulse una reforma fiscal integral que elimine privilegios, fomente la equidad y atienda estos justos reclamos de los trabajadores y pensionados.<\/p>\n<p>Por: Arismendi D\u00edaz Santana<\/p>\n","protected":false},"excerpt":{"rendered":"<p>El C\u00f3digo Tributario dispone la indexaci\u00f3n anual del l\u00edmite de los salarios exentos del impuesto sobre la renta, protegiendo a los trabajadores p\u00fablicos y privados. Pero la misma no se cumple desde el 2017 gravando a m\u00e1s de 924,956 afiliados de ingresos medios. Y para legalizar esta injusticia, su vigencia se deroga a\u00f1o tras a\u00f1o. [&hellip;]<\/p>\n","protected":false},"author":1,"featured_media":12737,"comment_status":"closed","ping_status":"closed","sticky":false,"template":"","format":"standard","meta":{"_eb_attr":"","footnotes":""},"categories":[93],"tags":[],"_links":{"self":[{"href":"https:\/\/informedesalud.com.do\/index.php?rest_route=\/wp\/v2\/posts\/12736"}],"collection":[{"href":"https:\/\/informedesalud.com.do\/index.php?rest_route=\/wp\/v2\/posts"}],"about":[{"href":"https:\/\/informedesalud.com.do\/index.php?rest_route=\/wp\/v2\/types\/post"}],"author":[{"embeddable":true,"href":"https:\/\/informedesalud.com.do\/index.php?rest_route=\/wp\/v2\/users\/1"}],"replies":[{"embeddable":true,"href":"https:\/\/informedesalud.com.do\/index.php?rest_route=%2Fwp%2Fv2%2Fcomments&post=12736"}],"version-history":[{"count":0,"href":"https:\/\/informedesalud.com.do\/index.php?rest_route=\/wp\/v2\/posts\/12736\/revisions"}],"wp:featuredmedia":[{"embeddable":true,"href":"https:\/\/informedesalud.com.do\/index.php?rest_route=\/wp\/v2\/media\/12737"}],"wp:attachment":[{"href":"https:\/\/informedesalud.com.do\/index.php?rest_route=%2Fwp%2Fv2%2Fmedia&parent=12736"}],"wp:term":[{"taxonomy":"category","embeddable":true,"href":"https:\/\/informedesalud.com.do\/index.php?rest_route=%2Fwp%2Fv2%2Fcategories&post=12736"},{"taxonomy":"post_tag","embeddable":true,"href":"https:\/\/informedesalud.com.do\/index.php?rest_route=%2Fwp%2Fv2%2Ftags&post=12736"}],"curies":[{"name":"wp","href":"https:\/\/api.w.org\/{rel}","templated":true}]}}