{"id":12728,"date":"2025-11-19T07:19:24","date_gmt":"2025-11-19T06:19:24","guid":{"rendered":"https:\/\/laconsultamedica.com.do\/?p=32649"},"modified":"2025-11-19T07:19:24","modified_gmt":"2025-11-19T06:19:24","slug":"anje-juramenta-nueva-junta-directiva-para-el-periodo-2026-liderada-por-boris-de-leon-reyes","status":"publish","type":"post","link":"https:\/\/informedesalud.com.do\/?p=12728","title":{"rendered":"Anje juramenta nueva junta directiva para el periodo 2026, liderada por Boris de Le\u00f3n Reyes."},"content":{"rendered":"<div><img decoding=\"async\" src=\"https:\/\/laconsultamedica.com.do\/wp-content\/uploads\/2025\/11\/image_editor_output_image-863561670-1763533179217.jpg\" class=\"ff-og-image-inserted\"><\/div>\n<p>El nuevo presidente present\u00f3 la visi\u00f3n estrat\u00e9gica que orientar\u00e1 la gesti\u00f3n 2026, basada en la construcci\u00f3n de confianza institucional como pilar del crecimiento econ\u00f3mico y social.<\/p>\n<p>La Asociaci\u00f3n Nacional de J\u00f3venes Empresarios (ANJE) celebr\u00f3 su Asamblea General Ordinaria, en la cual qued\u00f3 juramentada la nueva Junta Directiva que presidir\u00e1 la instituci\u00f3n durante el per\u00edodo enero-diciembre de 2026. Boris de Le\u00f3n Reyes asumi\u00f3 la presidencia, marcando un hito en los 47 a\u00f1os de historia de la organizaci\u00f3n y reafirmando su compromiso con el liderazgo joven y la inclusi\u00f3n gremial.<\/p>\n<p>Durante el acto, ANJE inform\u00f3 que la Junta Directiva electa, que iniciar\u00e1 sus funciones el 1 de enero de 2026 y conforme al art\u00edculo 35 de los Estatutos Sociales, estar\u00e1 integrada por: Boris de Le\u00f3n Reyes, Presidente; Karina Mancebo, 1.\u00aa Vicepresidenta; Giselle Valera, 2.\u00aa Vicepresidenta; Alexis Anselin, Tesorero; Carlos Jos\u00e9 Mart\u00ed, Vicetesorero; Kalil D\u00edaz, Secretario; Eliza S\u00e1nchez, Vicesecretaria; Sonia Read, Directora; Vasco Leal, Director; Ralvin Gross, Director; y Claudia Finke, Pasada Presidenta. La direcci\u00f3n ejecutiva seguir\u00e1 encabezada por Crystal Fiallo.<\/p>\n<p>En su intervenci\u00f3n, Boris de Le\u00f3n present\u00f3 los pilares que guiar\u00e1n su presidencia y que buscan fortalecer el impacto del empresariado joven en el desarrollo nacional. Su plan estrat\u00e9gico se enfocar\u00e1 en: impulso a un ecosistema emprendedor formal, competitivo e innovador; fortaleza institucional y tutela judicial efectiva para un clima de inversiones seguro; reformas estructurales con visi\u00f3n de largo plazo; un sistema educativo alineado con las necesidades futuras del pa\u00eds; ordenamiento territorial planificado y sostenible; e innovaci\u00f3n e inteligencia artificial como motores del desarrollo econ\u00f3mico.<\/p>\n<p>De Le\u00f3n, quien inici\u00f3 su trayectoria en ANJE en 2012, destac\u00f3 el rol hist\u00f3rico del gremio como una \u201ccuna de l\u00edderes comprometidos con la construcci\u00f3n de soluciones para el desarrollo nacional\u201d. Subray\u00f3 adem\u00e1s los avances del pa\u00eds en materia econ\u00f3mica e institucional, al tiempo que se\u00f1al\u00f3 retos persistentes como la informalidad, los costos operativos, la productividad, la calidad educativa y las reformas fiscal, el\u00e9ctrica y judicial.<\/p>\n<p>Sobre la visi\u00f3n estrat\u00e9gica de su gesti\u00f3n, afirm\u00f3: \u201cLa confianza institucional es la base que permite instituciones estables, empresas en crecimiento y una ciudadan\u00eda capaz de proyectar su futuro con seguridad. Cuando esta se resiente, aumentan los costos de hacer negocios, crece la informalidad, disminuye la inversi\u00f3n y se frena la innovaci\u00f3n\u201d.<\/p>\n<p>Asimismo, enfatiz\u00f3 que la juventud empresarial est\u00e1 llamada a \u201cmodernizar el liderazgo nacional, elevar el nivel del debate p\u00fablico y construir confianza mediante hechos tangibles\u201d, resaltando que estos avances depender\u00e1n del compromiso de los miembros y aliados de ANJE.<\/p>\n<p>Durante la Asamblea, la presidenta saliente Claudia Finke present\u00f3 su informe de gesti\u00f3n, en el que destac\u00f3 los logros alcanzados durante su per\u00edodo al frente de la instituci\u00f3n. En sus palabras, expres\u00f3 que \u201choy no cierro un ciclo\u2026 hoy abro caminos para que otros sigan construyendo pa\u00eds\u201d, al tiempo que record\u00f3 que asumi\u00f3 la presidencia con el compromiso de \u201chonrar nuestro legado y acelerar la visi\u00f3n de futuro que demanda nuestra generaci\u00f3n\u201d.<\/p>\n<p>Finke reafirm\u00f3 su convicci\u00f3n de que \u201cel liderazgo joven tiene el poder de transformar realidades\u201d, y asegur\u00f3 que ANJE es hoy m\u00e1s fuerte porque \u201caprendimos, evolucionamos y reafirmamos lo que somos\u201d. Concluy\u00f3 se\u00f1alando que culmina esta etapa con la satisfacci\u00f3n del deber cumplido y la certeza de que el liderazgo joven seguir\u00e1 construyendo pa\u00eds.<\/p>\n<p>SOBRE BORIS DE LE\u00d3N REYES<\/p>\n<p>Abogado, divulgador jur\u00eddico y especialista en Derecho P\u00fablico. Actualmente es Director Legal de la firma Escobal, P\u00e9rez, Rodr\u00edguez &amp; Asociados. Se desempe\u00f1a como docente de Derecho Administrativo en UNIBE y profesor de la Maestr\u00eda en Derecho Administrativo y Procesal Administrativo en la UASD.<\/p>\n<p>Ha ocupado diversas posiciones en el \u00e1mbito jur\u00eddico y acad\u00e9mico, entre ellas:<\/p>\n<p>Consultor del Banco Mundial y del Banco Interamericano de Desarrollo (BID).<br \/>Director Ejecutivo de la Asociaci\u00f3n Dominicana de Derecho Administrativo (ADDA).<br \/>Directivo fundador del Instituto Dominicano de Derecho Procesal Constitucional (IDPC).<br \/>Directivo fundador del Centro de Estudios de Contrataci\u00f3n P\u00fablica (CECP).<br \/>Desde 2022 forma parte de la Junta Directiva de ANJE y se ha desempe\u00f1ado como coordinador de la Comisi\u00f3n de Justicia y Legislaci\u00f3n.<\/p>\n","protected":false},"excerpt":{"rendered":"<p>El nuevo presidente present\u00f3 la visi\u00f3n estrat\u00e9gica que orientar\u00e1 la gesti\u00f3n 2026, basada en la construcci\u00f3n de confianza institucional como pilar del crecimiento econ\u00f3mico y social. La Asociaci\u00f3n Nacional de J\u00f3venes Empresarios (ANJE) celebr\u00f3 su Asamblea General Ordinaria, en la cual qued\u00f3 juramentada la nueva Junta Directiva que presidir\u00e1 la instituci\u00f3n durante el per\u00edodo enero-diciembre [&hellip;]<\/p>\n","protected":false},"author":1,"featured_media":12729,"comment_status":"closed","ping_status":"closed","sticky":false,"template":"","format":"standard","meta":{"_eb_attr":"","footnotes":""},"categories":[43],"tags":[],"_links":{"self":[{"href":"https:\/\/informedesalud.com.do\/index.php?rest_route=\/wp\/v2\/posts\/12728"}],"collection":[{"href":"https:\/\/informedesalud.com.do\/index.php?rest_route=\/wp\/v2\/posts"}],"about":[{"href":"https:\/\/informedesalud.com.do\/index.php?rest_route=\/wp\/v2\/types\/post"}],"author":[{"embeddable":true,"href":"https:\/\/informedesalud.com.do\/index.php?rest_route=\/wp\/v2\/users\/1"}],"replies":[{"embeddable":true,"href":"https:\/\/informedesalud.com.do\/index.php?rest_route=%2Fwp%2Fv2%2Fcomments&post=12728"}],"version-history":[{"count":0,"href":"https:\/\/informedesalud.com.do\/index.php?rest_route=\/wp\/v2\/posts\/12728\/revisions"}],"wp:featuredmedia":[{"embeddable":true,"href":"https:\/\/informedesalud.com.do\/index.php?rest_route=\/wp\/v2\/media\/12729"}],"wp:attachment":[{"href":"https:\/\/informedesalud.com.do\/index.php?rest_route=%2Fwp%2Fv2%2Fmedia&parent=12728"}],"wp:term":[{"taxonomy":"category","embeddable":true,"href":"https:\/\/informedesalud.com.do\/index.php?rest_route=%2Fwp%2Fv2%2Fcategories&post=12728"},{"taxonomy":"post_tag","embeddable":true,"href":"https:\/\/informedesalud.com.do\/index.php?rest_route=%2Fwp%2Fv2%2Ftags&post=12728"}],"curies":[{"name":"wp","href":"https:\/\/api.w.org\/{rel}","templated":true}]}}