{"id":12716,"date":"2025-11-18T14:47:50","date_gmt":"2025-11-18T13:47:50","guid":{"rendered":"https:\/\/laconsultamedica.com.do\/?p=32623"},"modified":"2025-11-18T14:47:50","modified_gmt":"2025-11-18T13:47:50","slug":"con-el-lema-tu-vida-vale-mas-que-unos-segundos-ministerio-de-salud-e-intrant-inician-semana-nacional-de-la-seguridad-vial-2025","status":"publish","type":"post","link":"https:\/\/informedesalud.com.do\/?p=12716","title":{"rendered":"Con el lema: \u201cTu vida vale m\u00e1s que unos segundos Ministerio de Salud e INTRANT inician Semana Nacional de la Seguridad Vial 2025"},"content":{"rendered":"<div><img decoding=\"async\" src=\"https:\/\/laconsultamedica.com.do\/wp-content\/uploads\/2025\/11\/WhatsApp-Image-2025-11-17-at-3.55.49-PM-1.jpeg\" class=\"ff-og-image-inserted\"><\/div>\n<p>Santo Domingo, R. D.- El Ministerio de Salud, a trav\u00e9s del Programa de Prevenci\u00f3n de Lesiones y Violencia (PRELVI), junto al Instituto Nacional de Tr\u00e1nsito y Transporte Terrestre (INTRANT), dej\u00f3 inaugurada este lunes la Semana Nacional de la Seguridad Vial 2025, bajo el lema \u201cTu vida vale m\u00e1s que unos segundos\u201d, con el objetivo de honrar la memoria de las personas fallecidas y lesionadas en siniestros viales, y promover el compromiso social e institucional para prevenir muertes y lesiones por causas viales.<\/p>\n<p>Durante el acto, las autoridades del MSP junto a otras instituciones del Estado y organizaciones de la sociedad civil, destacaron que esta semana representa \u201cuna oportunidad para salvar vidas\u201d, al tiempo que instaron a cambiar la narrativa negativa en torno a los accidentes de tr\u00e1nsito y concentrarse en los esfuerzos positivos que se realizan en todo el pa\u00eds.<\/p>\n<p>La actividad, realizada en la explanada del Ministerio de Salud, fue encabezada por el viceministro de Salud Colectiva, doctor Eladio P\u00e9rez, en representaci\u00f3n del ministro V\u00edctor Atallah, y por el director del INTRANT, ingeniero Milton Morrison.<\/p>\n<p>P\u00e9rez resalt\u00f3 que los siniestros viales contin\u00faan siendo la segunda causa de muerte en el pa\u00eds y la primera entre hombres j\u00f3venes de 20 a 49 a\u00f1os, lo que convierte este problema en una prioridad sanitaria nacional.<\/p>\n<p>\u201cM\u00e1s del 60% de las muertes por siniestros de tr\u00e1nsito corresponden a usuarios de motocicletas. No estamos hablando de cifras fr\u00edas; estamos hablando de personas trabajadoras, padres y madres de familia, j\u00f3venes que salen cada d\u00eda a ganarse la vida y no siempre regresan con vida\u201d, afirm\u00f3.<\/p>\n<p>El viceministro destac\u00f3 adem\u00e1s el compromiso del presidente Luis Abinader, quien en noviembre de 2024 firm\u00f3 el Pacto Nacional por la Seguridad Vial y emiti\u00f3 el Decreto 656-24, que declara la seguridad vial como un tema de alto inter\u00e9s nacional. \u201cEsto no es ret\u00f3rica. Es acci\u00f3n de Estado. Es voluntad pol\u00edtica traducida en medidas concretas\u201d, enfatiz\u00f3.<\/p>\n<p>Asimismo, subray\u00f3 la visi\u00f3n de trabajo articulado que impulsa el Ministerio de Salud junto al INTRANT, la DIGESETT y los servicios del sistema sanitario, orientada a fortalecer la vigilancia epidemiol\u00f3gica, la prevenci\u00f3n, la respuesta post-siniestra y la reducci\u00f3n de la carga hospitalaria asociada a estos eventos.<\/p>\n<p>Por su parte, el director del INTRANT, ingeniero Milton Morrison, se\u00f1al\u00f3 que Rep\u00fablica Dominicana, aunque enfrenta cifras elevadas de siniestralidad, avanza con pasos firmes gracias al trabajo conjunto entre el Gobierno, las instituciones responsables del tr\u00e1nsito, la sociedad civil y el sector privado.<\/p>\n<p>Entre estos avances mencion\u00f3 la unificaci\u00f3n de los datos de siniestros, la obligatoriedad de la charla para motociclistas, por la que ya han pasado m\u00e1s de 123 mil personas en un a\u00f1o, el cierre de cruces ilegales por parte del Ministerio de Obras P\u00fablicas, las intervenciones del programa RD se Mueve y la campa\u00f1a \u201cS\u00e9 Consciente\u201d, que ha difundido mensajes preventivos a nivel nacional.<\/p>\n<p>Morrison reiter\u00f3 que estos esfuerzos representan \u201cacciones nunca antes ejecutadas con esta magnitud\u201d y expres\u00f3 confianza en que para el cierre del a\u00f1o las cifras de siniestralidad mostrar\u00e1n una reducci\u00f3n importante. Tambi\u00e9n hizo un llamado para que cada motocicleta sea vendida junto a un casco certificado, como parte del compromiso nacional de proteger vidas, y exhort\u00f3 a la poblaci\u00f3n a sumarse a la Semana de la Seguridad Vial con responsabilidad y actitud positiva.<\/p>\n<p>El director del Programa de Prevenci\u00f3n de Lesiones y Violencia (PRELVI), Julio C\u00e9sar De Le\u00f3n Infante, llam\u00f3 a la conciencia colectiva, al compromiso ciudadano y al trabajo conjunto de las instituciones para reducir los siniestros viales, que representan la segunda causa de muerte en el pa\u00eds.<\/p>\n<p>Por su lado, el director de prensa de la Direcci\u00f3n General de Seguridad de Tr\u00e1nsito y Transporte Terrestre (DIGESETT) coronel Rafael Balsera, hizo un llamado a la reflexi\u00f3n, porque lamentablemente \u201cenfrentamos una realidad de lesiones y muertes por siniestros viales. El a\u00f1o pasado, 2024, cerr\u00f3 con 3,116 muertes, setecientas m\u00e1s que durante la pandemia del COVID\u201d, a\u00f1adi\u00f3.<\/p>\n<p>Finalmente, el presidente del Biker Club Tira Piedra, Dixon \u00c1lvarez, reafirm\u00f3 el esfuerzo que realizan las autoridades para disminuir los accidentes de tr\u00e1nsito y asegur\u00f3 que el club promueve activamente el uso de indumentaria adecuada, equipos de protecci\u00f3n y el cumplimiento estricto de las leyes. Destac\u00f3 que sus motocicletas est\u00e1n debidamente documentadas y que cada miembro utiliza obligatoriamente casco y protecci\u00f3n en cada rodada, especialmente en las realizadas fuera de la ciudad.&nbsp;&nbsp;&nbsp;&nbsp;&nbsp;&nbsp;&nbsp;&nbsp;&nbsp;&nbsp; <\/p>\n","protected":false},"excerpt":{"rendered":"<p>Santo Domingo, R. D.- El Ministerio de Salud, a trav\u00e9s del Programa de Prevenci\u00f3n de Lesiones y Violencia (PRELVI), junto al Instituto Nacional de Tr\u00e1nsito y Transporte Terrestre (INTRANT), dej\u00f3 inaugurada este lunes la Semana Nacional de la Seguridad Vial 2025, bajo el lema \u201cTu vida vale m\u00e1s que unos segundos\u201d, con el objetivo de [&hellip;]<\/p>\n","protected":false},"author":1,"featured_media":12717,"comment_status":"closed","ping_status":"closed","sticky":false,"template":"","format":"standard","meta":{"_eb_attr":"","footnotes":""},"categories":[36],"tags":[],"_links":{"self":[{"href":"https:\/\/informedesalud.com.do\/index.php?rest_route=\/wp\/v2\/posts\/12716"}],"collection":[{"href":"https:\/\/informedesalud.com.do\/index.php?rest_route=\/wp\/v2\/posts"}],"about":[{"href":"https:\/\/informedesalud.com.do\/index.php?rest_route=\/wp\/v2\/types\/post"}],"author":[{"embeddable":true,"href":"https:\/\/informedesalud.com.do\/index.php?rest_route=\/wp\/v2\/users\/1"}],"replies":[{"embeddable":true,"href":"https:\/\/informedesalud.com.do\/index.php?rest_route=%2Fwp%2Fv2%2Fcomments&post=12716"}],"version-history":[{"count":0,"href":"https:\/\/informedesalud.com.do\/index.php?rest_route=\/wp\/v2\/posts\/12716\/revisions"}],"wp:featuredmedia":[{"embeddable":true,"href":"https:\/\/informedesalud.com.do\/index.php?rest_route=\/wp\/v2\/media\/12717"}],"wp:attachment":[{"href":"https:\/\/informedesalud.com.do\/index.php?rest_route=%2Fwp%2Fv2%2Fmedia&parent=12716"}],"wp:term":[{"taxonomy":"category","embeddable":true,"href":"https:\/\/informedesalud.com.do\/index.php?rest_route=%2Fwp%2Fv2%2Fcategories&post=12716"},{"taxonomy":"post_tag","embeddable":true,"href":"https:\/\/informedesalud.com.do\/index.php?rest_route=%2Fwp%2Fv2%2Ftags&post=12716"}],"curies":[{"name":"wp","href":"https:\/\/api.w.org\/{rel}","templated":true}]}}