{"id":12389,"date":"2025-10-24T12:22:28","date_gmt":"2025-10-24T10:22:28","guid":{"rendered":"https:\/\/laconsultamedica.com.do\/?p=31731"},"modified":"2025-10-24T12:22:28","modified_gmt":"2025-10-24T10:22:28","slug":"carolina-y-ministro-de-medio-ambiente-realizan-recorrido-para-verificar-trabajos-de-mitigacion-en-el-distrito-nacional","status":"publish","type":"post","link":"https:\/\/informedesalud.com.do\/?p=12389","title":{"rendered":"Carolina y ministro de Medio Ambiente realizan recorrido para verificar trabajos de mitigaci\u00f3n en el Distrito Nacional"},"content":{"rendered":"<div><img decoding=\"async\" src=\"https:\/\/laconsultamedica.com.do\/wp-content\/uploads\/2025\/10\/image_editor_output_image-1377865934-1761301381248.jpg\" class=\"ff-og-image-inserted\"><\/div>\n<p>tormenta tropical Melissa, Carolina Mej\u00eda y el ministro Pa\u00edno Henr\u00edquez encabezaron un recorrido en distintos puntos vulnerables del Distrito Nacional en los que constataron que no ha habido mayores incidencias y asegur\u00f3 que \u201cestamos y seguiremos en la calle\u201d.<\/p>\n<p>La alcaldesa y el titular de Medio Ambiente fueron acompa\u00f1ados por colaboradores del ayuntamiento, instituciones gubernamentales, comunitarios y miembros de la prensa durante la supervisi\u00f3n de las labores que est\u00e1n desarrollando los brigadistas de la Alcald\u00eda del Distrito Nacional en Las 800 (Los R\u00edos) y Los Girasoles II.<\/p>\n<p>\u201cEn el d\u00eda de hoy desde muy tempranas horas de la ma\u00f1ana recib\u00ed el reporte y gracias a Dios no hemos tenido ninguna incidencia mayor en ninguno de los sectores del Distrito Nacional\u201d, dijo ante los medios de comunicaci\u00f3n.<\/p>\n<p>Carolina valor\u00f3 el gran trabajo que se ha hecho en la ca\u00f1ada de Las 800, donde esta ma\u00f1ana no se hab\u00eda presentado ning\u00fan incidente, pese a que era un lugar hist\u00f3ricamente caracterizado por inundaciones.<\/p>\n<p>Indic\u00f3 que ayer hizo un recorrido en ca\u00f1adas en Los Platanitos, Manganagua y El Hoyo de Bate para constatar el proceso profundo de limpieza realizado para evitar situaciones complejas en la circunscripci\u00f3n uno.<\/p>\n<p>En ese sentido, agradeci\u00f3 la colaboraci\u00f3n de los l\u00edderes comunitarios que se han sumado a estos esfuerzos.\u201cDe igual manera, en la circunscripci\u00f3n n\u00famero tres siempre observamos el tema de La Zurza, La Ci\u00e9naga, Los Guandules abajo\u201d, se\u00f1al\u00f3 Mej\u00eda, al decir que las direcciones operativas y administrativas de la alcald\u00eda son desplegadas en los distintos sectores.<\/p>\n<p>Actualmente, el Distrito Nacional se encuentra bajo alerta roja por la incidencia de la tormenta tropical Melissa, la cual se ha pronosticado que podr\u00eda convertirse en hurac\u00e1n este jueves.<\/p>\n<p>Carolina dispuso de m\u00e1s de 1,500 brigadistas para reforzar las labores preventivas y de mitigaci\u00f3n ante las lluvias pronosticadas para esta demarcaci\u00f3n.<\/p>\n<p>Adem\u00e1s, dej\u00f3 en sesi\u00f3n permanente al Comit\u00e9 de Prevenci\u00f3n, Mitigaci\u00f3n y Respuesta ante Desastre para coordinar las acciones a tomar para salvaguardar a los residentes en la capital.<\/p>\n","protected":false},"excerpt":{"rendered":"<p>tormenta tropical Melissa, Carolina Mej\u00eda y el ministro Pa\u00edno Henr\u00edquez encabezaron un recorrido en distintos puntos vulnerables del Distrito Nacional en los que constataron que no ha habido mayores incidencias y asegur\u00f3 que \u201cestamos y seguiremos en la calle\u201d. La alcaldesa y el titular de Medio Ambiente fueron acompa\u00f1ados por colaboradores del ayuntamiento, instituciones gubernamentales, [&hellip;]<\/p>\n","protected":false},"author":1,"featured_media":12390,"comment_status":"closed","ping_status":"closed","sticky":false,"template":"","format":"standard","meta":{"_eb_attr":"","footnotes":""},"categories":[36],"tags":[],"_links":{"self":[{"href":"https:\/\/informedesalud.com.do\/index.php?rest_route=\/wp\/v2\/posts\/12389"}],"collection":[{"href":"https:\/\/informedesalud.com.do\/index.php?rest_route=\/wp\/v2\/posts"}],"about":[{"href":"https:\/\/informedesalud.com.do\/index.php?rest_route=\/wp\/v2\/types\/post"}],"author":[{"embeddable":true,"href":"https:\/\/informedesalud.com.do\/index.php?rest_route=\/wp\/v2\/users\/1"}],"replies":[{"embeddable":true,"href":"https:\/\/informedesalud.com.do\/index.php?rest_route=%2Fwp%2Fv2%2Fcomments&post=12389"}],"version-history":[{"count":0,"href":"https:\/\/informedesalud.com.do\/index.php?rest_route=\/wp\/v2\/posts\/12389\/revisions"}],"wp:featuredmedia":[{"embeddable":true,"href":"https:\/\/informedesalud.com.do\/index.php?rest_route=\/wp\/v2\/media\/12390"}],"wp:attachment":[{"href":"https:\/\/informedesalud.com.do\/index.php?rest_route=%2Fwp%2Fv2%2Fmedia&parent=12389"}],"wp:term":[{"taxonomy":"category","embeddable":true,"href":"https:\/\/informedesalud.com.do\/index.php?rest_route=%2Fwp%2Fv2%2Fcategories&post=12389"},{"taxonomy":"post_tag","embeddable":true,"href":"https:\/\/informedesalud.com.do\/index.php?rest_route=%2Fwp%2Fv2%2Ftags&post=12389"}],"curies":[{"name":"wp","href":"https:\/\/api.w.org\/{rel}","templated":true}]}}