{"id":11876,"date":"2025-09-18T08:57:40","date_gmt":"2025-09-18T06:57:40","guid":{"rendered":"https:\/\/laconsultamedica.com.do\/?p=30382"},"modified":"2025-09-18T08:57:40","modified_gmt":"2025-09-18T06:57:40","slug":"bhd-abre-centro-de-capacitacion-para-su-personal-en-la-region-norte","status":"publish","type":"post","link":"https:\/\/informedesalud.com.do\/?p=11876","title":{"rendered":"BHD abre centro de capacitaci\u00f3n para su personal en la regi\u00f3n norte"},"content":{"rendered":"<div><img decoding=\"async\" src=\"https:\/\/laconsultamedica.com.do\/wp-content\/uploads\/2025\/09\/image_editor_output_image-1908003383-1758178678049.jpg\" class=\"ff-og-image-inserted\"><\/div>\n<p><strong><em>Esta nueva \u00e1rea de formaci\u00f3n ofrece programas en temas de inter\u00e9s profesional y personal para continuar con el impulso del talento BHD<\/em><\/strong>.<\/p>\n<p>Santiago de los Caballeros. El Banco BHD inaugur\u00f3 un centro de capacitaci\u00f3n para sus empleados de la regi\u00f3n norte, como parte de su compromiso con la creaci\u00f3n y promoci\u00f3n de espacios de desarrollo para su talento humano.&nbsp; <\/p>\n<p>Este nuevo espacio de formaci\u00f3n, ubicado en Santiago de los Caballeros, cuenta con dos salones con capacidad para m\u00e1s de 60 personas, as\u00ed como un aula de autodesarrollo con equipos digitales para que el personal pueda acceder a la Academia Digital BHD, plataforma de capacitaci\u00f3n virtual de la entidad bancaria.<\/p>\n<p>\u201cNuestro enfoque integral es trabajar por el \u00e9xito econ\u00f3mico y humano de las personas, y no hay mejor forma de lograrlo que empoderarlas a trav\u00e9s del desarrollo. Por eso, tenemos la determinaci\u00f3n de propiciar entornos de aprendizaje para nuestro principal activo: nuestros colaboradores\u201d, resalt\u00f3 Martha Peralta, vicepresidenta s\u00e9nior de Talento y Cultura del Banco BHD.<\/p>\n<p>En 2024, el Banco BHD entren\u00f3 a m\u00e1s de 6,500 empleados e invirti\u00f3 357 mil horas de capacitaci\u00f3n, con un incremento de un 45 % con relaci\u00f3n al 2023. \u201cEste a\u00f1o queremos expandir esas oportunidades, con este nuevo centro que queda abierto en el Cibao, aumentaremos el conocimiento y las habilidades de nuestro talento humano en toda la zona norte\u201d, se\u00f1al\u00f3 Peralta. <\/p>\n<p>Continua, virtual y presencial<\/p>\n<p>El nuevo centro de capacitaci\u00f3n en Santiago se suma a la propuesta de educaci\u00f3n constante del BHD para sus colaboradores. En 2009, abri\u00f3 en Santo Domingo el Centro de Capacitaci\u00f3n Samuel S. Conde, como una academia de entrenamiento para su personal, que ofrece cursos en materia de seguridad de la informaci\u00f3n, riesgos, negocios, prevenci\u00f3n de lavado de activos, comunicaci\u00f3n, servicio, marca personal, entre otros temas.<\/p>\n<p>En agosto de 2022, combinando su estrategia de transformaci\u00f3n digital y las iniciativas presenciales, el Banco BHD lanz\u00f3 su Academia Digital BHD, una plataforma para la formaci\u00f3n virtual que tiene por objetivo impulsar el desarrollo profesional y personal de sus empleados. <\/p>\n<p>Adem\u00e1s, cuenta con la integraci\u00f3n de plataformas internacionales de e-learning permitiendo as\u00ed que los empleados del BHD contin\u00faen gestionando su autodesarrollo.<\/p>\n","protected":false},"excerpt":{"rendered":"<p>Esta nueva \u00e1rea de formaci\u00f3n ofrece programas en temas de inter\u00e9s profesional y personal para continuar con el impulso del talento BHD. Santiago de los Caballeros. El Banco BHD inaugur\u00f3 un centro de capacitaci\u00f3n para sus empleados de la regi\u00f3n norte, como parte de su compromiso con la creaci\u00f3n y promoci\u00f3n de espacios de desarrollo [&hellip;]<\/p>\n","protected":false},"author":1,"featured_media":11877,"comment_status":"closed","ping_status":"closed","sticky":false,"template":"","format":"standard","meta":{"_eb_attr":"","footnotes":""},"categories":[43],"tags":[],"_links":{"self":[{"href":"https:\/\/informedesalud.com.do\/index.php?rest_route=\/wp\/v2\/posts\/11876"}],"collection":[{"href":"https:\/\/informedesalud.com.do\/index.php?rest_route=\/wp\/v2\/posts"}],"about":[{"href":"https:\/\/informedesalud.com.do\/index.php?rest_route=\/wp\/v2\/types\/post"}],"author":[{"embeddable":true,"href":"https:\/\/informedesalud.com.do\/index.php?rest_route=\/wp\/v2\/users\/1"}],"replies":[{"embeddable":true,"href":"https:\/\/informedesalud.com.do\/index.php?rest_route=%2Fwp%2Fv2%2Fcomments&post=11876"}],"version-history":[{"count":0,"href":"https:\/\/informedesalud.com.do\/index.php?rest_route=\/wp\/v2\/posts\/11876\/revisions"}],"wp:featuredmedia":[{"embeddable":true,"href":"https:\/\/informedesalud.com.do\/index.php?rest_route=\/wp\/v2\/media\/11877"}],"wp:attachment":[{"href":"https:\/\/informedesalud.com.do\/index.php?rest_route=%2Fwp%2Fv2%2Fmedia&parent=11876"}],"wp:term":[{"taxonomy":"category","embeddable":true,"href":"https:\/\/informedesalud.com.do\/index.php?rest_route=%2Fwp%2Fv2%2Fcategories&post=11876"},{"taxonomy":"post_tag","embeddable":true,"href":"https:\/\/informedesalud.com.do\/index.php?rest_route=%2Fwp%2Fv2%2Ftags&post=11876"}],"curies":[{"name":"wp","href":"https:\/\/api.w.org\/{rel}","templated":true}]}}