{"id":11783,"date":"2025-09-10T11:28:43","date_gmt":"2025-09-10T09:28:43","guid":{"rendered":"https:\/\/laconsultamedica.com.do\/?p=30098"},"modified":"2025-09-10T11:28:43","modified_gmt":"2025-09-10T09:28:43","slug":"republica-dominicana-inaugura-congreso-de-politicas-publicas-basadas-en-evidencia","status":"publish","type":"post","link":"https:\/\/informedesalud.com.do\/?p=11783","title":{"rendered":"Rep\u00fablica Dominicana inaugura Congreso de Pol\u00edticas P\u00fablicas Basadas en Evidencia"},"content":{"rendered":"<p><strong><em>El pa\u00eds es sede por primera vez de la XXI Reuni\u00f3n Anual de la Red Cochrane Iberoameric<\/em><\/strong><strong>ana<\/strong><\/p>\n<p>*Santo Domingo RD-* Con la presencia de autoridades nacionales y representantes internacionales, Rep\u00fablica Dominicana se convirti\u00f3 hoy por primera vez, en sede del Primer Congreso Iberoamericano de Pol\u00edticas P\u00fablicas Basadas en Evidencias, con el objetivo principal de fortalecer la cooperaci\u00f3n regional en la generaci\u00f3n, evaluaci\u00f3n y aplicaci\u00f3n de evidencia cient\u00edfica en salud.<\/p>\n<p>El evento que se desarrollar\u00e1 hasta el jueves 11 de septiembre y re\u00fane autoridades del sector salud, expertos y profesionales de toda la regi\u00f3n, es organizado por el Ministerio de Salud P\u00fablica (MSP) dentro del marco de la XXI Reuni\u00f3n Anual de la Red Cochrane Iberoamericana.<br \/>El acto fue encabezado por el ministro de Salud, V\u00edctor Atallah, Andelys de la Rosa directora Cochrane Rep\u00fablica Dominicana, el doctor Gerard Urrutia director de Cochrane Iberoam\u00e9rica y el doctor Netzahualpilli Delgado, director de Cochrane M\u00e9xico, quien particip\u00f3 de forma virtual por streaming, entre otras personalidades.<\/p>\n<p>Durante el acto inaugural, el titular de Salud calific\u00f3 de hist\u00f3rico el evento que se celebra por primera vez en el pa\u00eds, destacando que este congreso constituye \u201cun brazo de aprendizaje y de conexi\u00f3n\u201d, ya que permite a los participantes intercambiar conocimientos, experiencias y buenas pr\u00e1cticas que impactar\u00e1n de manera positiva en la formulaci\u00f3n de pol\u00edticas p\u00fablicas m\u00e1s s\u00f3lidas, inclusivas y sostenibles.<\/p>\n<p>Atallah, resalt\u00f3 que la ciencia es una herramienta esencial para la humanidad y que el Estado tiene la responsabilidad de generar pol\u00edticas p\u00fablicas que protejan y garanticen derechos fundamentales como la salud que solo puede construirse sobre la base de la mejor evidencia cient\u00edfica. \u201cEsta jornada representa una oportunidad \u00fanica para Iberoam\u00e9rica, al permitir que hallazgos en un pa\u00eds puedan beneficiar a otros y multiplicar el impacto de la investigaci\u00f3n cient\u00edfica en la regi\u00f3n\u201d, indic\u00f3.<\/p>\n<figure class=\"wp-block-image size-large\"><img fetchpriority=\"high\" fetchpriority=\"high\" decoding=\"async\" width=\"1024\" height=\"682\" src=\"https:\/\/laconsultamedica.com.do\/wp-content\/uploads\/2025\/09\/img-20250910-wa00076750210679812486194-1024x682.jpg\" alt class=\"wp-image-30097\" srcset=\"https:\/\/laconsultamedica.com.do\/wp-content\/uploads\/2025\/09\/img-20250910-wa00076750210679812486194-1024x682.jpg 1024w, https:\/\/laconsultamedica.com.do\/wp-content\/uploads\/2025\/09\/img-20250910-wa00076750210679812486194-300x200.jpg 300w, https:\/\/laconsultamedica.com.do\/wp-content\/uploads\/2025\/09\/img-20250910-wa00076750210679812486194-768x512.jpg 768w, https:\/\/laconsultamedica.com.do\/wp-content\/uploads\/2025\/09\/img-20250910-wa00076750210679812486194-1536x1023.jpg 1536w, https:\/\/laconsultamedica.com.do\/wp-content\/uploads\/2025\/09\/img-20250910-wa00076750210679812486194-750x500.jpg 750w, https:\/\/laconsultamedica.com.do\/wp-content\/uploads\/2025\/09\/img-20250910-wa00076750210679812486194-1140x760.jpg 1140w, https:\/\/laconsultamedica.com.do\/wp-content\/uploads\/2025\/09\/img-20250910-wa00076750210679812486194.jpg 1600w\" sizes=\"(max-width: 1024px) 100vw, 1024px\"><\/figure>\n<p>Asimismo, reafirm\u00f3 el compromiso del Gobierno dominicano con pol\u00edticas p\u00fablicas sustentadas en evidencia, asegurando que \u201cdetr\u00e1s de cada dato hay una historia y de cada decisi\u00f3n hay familias que conf\u00edan en que el Estado sabr\u00e1 protegerlas y no podemos defraudarlas\u201d.<\/p>\n<p>El titular de Salud record\u00f3 que la evidencia tiene rostro humano: en la madre que llega a tiempo al hospital gracias a un sistema de atenci\u00f3n fortalecido; en los ni\u00f1os que reciben cuidados para crecer plenamente; y en los adultos mayores que acceden a tratamientos eficaces convertidos en pol\u00edticas p\u00fablicas.<\/p>\n<p>La doctora Andelys de la Rosa, encargada del Departamento de Enfermedades no Transmisibles y directora del Centro Afiliado Cochrane del Ministerio de Salud P\u00fablica, destac\u00f3 que \u00abTener el pa\u00eds como sede la reuni\u00f3n anual corresponde un reconocimiento significativo ya que en el \u00e1mbito de la investigaci\u00f3n y la educaci\u00f3n nos hace trascender de manera significativa y funcionar como punto de encuentro para el intercambio de conocimientos y experiencias cient\u00edficas\u00bb.<\/p>\n<p>Agreg\u00f3 que, tener la gran mayor\u00eda de los integrantes de la Red Cochrane Iberoamericana en el pa\u00eds con un conocimiento m\u00e1s actualizado y proyectando juntos el futuro de la investigaci\u00f3n es una evidencia que este congreso nace con la responsabilidad de escuchar los que dicen los datos de transformar la investigaci\u00f3n p\u00fablica y durante estos tres d\u00edas estaremos trabajando en sesiones t\u00e9cnicas, reuniones estrat\u00e9gicas, talleres de capacitaci\u00f3n, adem\u00e1s de una exposici\u00f3n de p\u00f3steres cient\u00edficos.<\/p>\n<p>La actividad, que se desarrolla en el hotel JW Marriot de Santo Domingo, re\u00fane a profesionales de toda Iberoam\u00e9rica en un espacio de trabajo intenso durante tres d\u00edas, enfocado en la b\u00fasqueda de evidencias cient\u00edficas que respalden las decisiones gubernamentales. <\/p>\n<p>Entre los temas que se expondr\u00e1n figuran: Ensayos cl\u00ednicos en intervenciones complejas, Desaf\u00edo de la investigaci\u00f3n en Intervenciones no farmacol\u00f3gicas, Ensayos cl\u00ednicos pragm\u00e1ticos en Atenci\u00f3n Primaria, Experiencias en COVID-19: \u00bfQu\u00e9 aprendimos y qu\u00e9 qued\u00f3?, Experiencias en COVID-19: Rep\u00fablica Dominicana, Institucionalizaci\u00f3n del uso de la evidencia para la toma de decisiones, entre otros.<\/p>\n","protected":false},"excerpt":{"rendered":"<p>El pa\u00eds es sede por primera vez de la XXI Reuni\u00f3n Anual de la Red Cochrane Iberoamericana *Santo Domingo RD-* Con la presencia de autoridades nacionales y representantes internacionales, Rep\u00fablica Dominicana se convirti\u00f3 hoy por primera vez, en sede del Primer Congreso Iberoamericano de Pol\u00edticas P\u00fablicas Basadas en Evidencias, con el objetivo principal de fortalecer [&hellip;]<\/p>\n","protected":false},"author":1,"featured_media":11784,"comment_status":"closed","ping_status":"closed","sticky":false,"template":"","format":"standard","meta":{"_eb_attr":"","footnotes":""},"categories":[93],"tags":[],"_links":{"self":[{"href":"https:\/\/informedesalud.com.do\/index.php?rest_route=\/wp\/v2\/posts\/11783"}],"collection":[{"href":"https:\/\/informedesalud.com.do\/index.php?rest_route=\/wp\/v2\/posts"}],"about":[{"href":"https:\/\/informedesalud.com.do\/index.php?rest_route=\/wp\/v2\/types\/post"}],"author":[{"embeddable":true,"href":"https:\/\/informedesalud.com.do\/index.php?rest_route=\/wp\/v2\/users\/1"}],"replies":[{"embeddable":true,"href":"https:\/\/informedesalud.com.do\/index.php?rest_route=%2Fwp%2Fv2%2Fcomments&post=11783"}],"version-history":[{"count":0,"href":"https:\/\/informedesalud.com.do\/index.php?rest_route=\/wp\/v2\/posts\/11783\/revisions"}],"wp:featuredmedia":[{"embeddable":true,"href":"https:\/\/informedesalud.com.do\/index.php?rest_route=\/wp\/v2\/media\/11784"}],"wp:attachment":[{"href":"https:\/\/informedesalud.com.do\/index.php?rest_route=%2Fwp%2Fv2%2Fmedia&parent=11783"}],"wp:term":[{"taxonomy":"category","embeddable":true,"href":"https:\/\/informedesalud.com.do\/index.php?rest_route=%2Fwp%2Fv2%2Fcategories&post=11783"},{"taxonomy":"post_tag","embeddable":true,"href":"https:\/\/informedesalud.com.do\/index.php?rest_route=%2Fwp%2Fv2%2Ftags&post=11783"}],"curies":[{"name":"wp","href":"https:\/\/api.w.org\/{rel}","templated":true}]}}