{"id":11753,"date":"2025-09-08T10:47:08","date_gmt":"2025-09-08T08:47:08","guid":{"rendered":"https:\/\/laconsultamedica.com.do\/?p=30042"},"modified":"2025-09-08T10:47:08","modified_gmt":"2025-09-08T08:47:08","slug":"encuentro-de-comunicadoras-ny-reconoce-a-destacadas-figuras-del-periodismo","status":"publish","type":"post","link":"https:\/\/informedesalud.com.do\/?p=11753","title":{"rendered":"Encuentro de Comunicadoras NY.\u00a0 Reconoce a destacadas figuras del periodismo"},"content":{"rendered":"<p>La Direcci\u00f3n de Cultura Dominicana en el Exterior se convirti\u00f3 la noche de s\u00e1bado en el escenario del IV Encuentro de Comunicadoras NY Pro Educaci\u00f3n Calzada, un evento que reuni\u00f3 a destacadas figuras del periodismo y la comunicaci\u00f3n provenientes de la Rep\u00fablica Dominicana, Miami y Nueva York.<\/p>\n<p>La actividad, celebrada este d\u00eda tuvo como prop\u00f3sito principal respaldar los proyectos individuales de las participantes, as\u00ed como fortalecer los lazos de cooperaci\u00f3n y apoyo mutuo entre comunicadoras y comunicadores de la di\u00e1spora.<\/p>\n<p>El encuentro gir\u00f3 en torno al tema central de la salud mental, con un enfoque educativo y comunitario. Las profesionales invitadas, en su mayor\u00eda mujeres, compartieron experiencias y reflexiones, contribuyendo a la concienciaci\u00f3n sobre la importancia del bienestar emocional en la sociedad.<\/p>\n<p>El asamble\u00edsta Manny De Los Santos, quien particip\u00f3 reconociendo la trayectoria y aportes de varios de los integrantes, destac\u00f3 el valor de la jornada. \u201cEste encuentro represent\u00f3 un espacio de unidad y de compromiso con la educaci\u00f3n y con nuestra comunidad. <\/p>\n<figure class=\"wp-block-image size-large\"><img fetchpriority=\"high\" fetchpriority=\"high\" decoding=\"async\" width=\"1024\" height=\"771\" src=\"https:\/\/laconsultamedica.com.do\/wp-content\/uploads\/2025\/09\/img-20250908-wa00115095347439250871651-1024x771.jpg\" alt class=\"wp-image-30041\" srcset=\"https:\/\/laconsultamedica.com.do\/wp-content\/uploads\/2025\/09\/img-20250908-wa00115095347439250871651-1024x771.jpg 1024w, https:\/\/laconsultamedica.com.do\/wp-content\/uploads\/2025\/09\/img-20250908-wa00115095347439250871651-300x226.jpg 300w, https:\/\/laconsultamedica.com.do\/wp-content\/uploads\/2025\/09\/img-20250908-wa00115095347439250871651-768x579.jpg 768w, https:\/\/laconsultamedica.com.do\/wp-content\/uploads\/2025\/09\/img-20250908-wa00115095347439250871651-750x565.jpg 750w, https:\/\/laconsultamedica.com.do\/wp-content\/uploads\/2025\/09\/img-20250908-wa00115095347439250871651.jpg 1127w\" sizes=\"(max-width: 1024px) 100vw, 1024px\"><\/figure>\n<p>Las comunicadoras presentes demostraron que, desde diferentes trincheras, trabajan por el bienestar de nuestra gente\u201d, expres\u00f3.<\/p>\n<p>Asimismo, De Los Santos subray\u00f3 que este tipo de iniciativas fortalecen la identidad y la solidaridad de la di\u00e1spora. <\/p>\n<p>\u201cEn cada una de estas voces hay una historia de entrega, esfuerzo y amor por la patria. Yo me siento profundamente orgulloso de acompa\u00f1arlas y de reafirmar que, en Nueva York y en cualquier lugar, seguimos aportando al desarrollo de la Rep\u00fablica Dominicana\u201d, afirm\u00f3.<\/p>\n<p>El legislador valor\u00f3 de manera especial el enfoque del encuentro sobre la salud mental. \u201cHablar de bienestar emocional es hablar de dignidad, de derechos y de futuro. Nuestra comunidad necesita espacios seguros para dialogar sobre estos temas, y estas comunicadoras han dado un ejemplo de liderazgo\u201d, puntualiz\u00f3.<\/p>\n","protected":false},"excerpt":{"rendered":"<p>La Direcci\u00f3n de Cultura Dominicana en el Exterior se convirti\u00f3 la noche de s\u00e1bado en el escenario del IV Encuentro de Comunicadoras NY Pro Educaci\u00f3n Calzada, un evento que reuni\u00f3 a destacadas figuras del periodismo y la comunicaci\u00f3n provenientes de la Rep\u00fablica Dominicana, Miami y Nueva York. La actividad, celebrada este d\u00eda tuvo como prop\u00f3sito [&hellip;]<\/p>\n","protected":false},"author":1,"featured_media":11754,"comment_status":"closed","ping_status":"closed","sticky":false,"template":"","format":"standard","meta":{"_eb_attr":"","footnotes":""},"categories":[43],"tags":[],"_links":{"self":[{"href":"https:\/\/informedesalud.com.do\/index.php?rest_route=\/wp\/v2\/posts\/11753"}],"collection":[{"href":"https:\/\/informedesalud.com.do\/index.php?rest_route=\/wp\/v2\/posts"}],"about":[{"href":"https:\/\/informedesalud.com.do\/index.php?rest_route=\/wp\/v2\/types\/post"}],"author":[{"embeddable":true,"href":"https:\/\/informedesalud.com.do\/index.php?rest_route=\/wp\/v2\/users\/1"}],"replies":[{"embeddable":true,"href":"https:\/\/informedesalud.com.do\/index.php?rest_route=%2Fwp%2Fv2%2Fcomments&post=11753"}],"version-history":[{"count":0,"href":"https:\/\/informedesalud.com.do\/index.php?rest_route=\/wp\/v2\/posts\/11753\/revisions"}],"wp:featuredmedia":[{"embeddable":true,"href":"https:\/\/informedesalud.com.do\/index.php?rest_route=\/wp\/v2\/media\/11754"}],"wp:attachment":[{"href":"https:\/\/informedesalud.com.do\/index.php?rest_route=%2Fwp%2Fv2%2Fmedia&parent=11753"}],"wp:term":[{"taxonomy":"category","embeddable":true,"href":"https:\/\/informedesalud.com.do\/index.php?rest_route=%2Fwp%2Fv2%2Fcategories&post=11753"},{"taxonomy":"post_tag","embeddable":true,"href":"https:\/\/informedesalud.com.do\/index.php?rest_route=%2Fwp%2Fv2%2Ftags&post=11753"}],"curies":[{"name":"wp","href":"https:\/\/api.w.org\/{rel}","templated":true}]}}