{"id":11582,"date":"2025-08-26T13:43:32","date_gmt":"2025-08-26T11:43:32","guid":{"rendered":"https:\/\/laconsultamedica.com.do\/?p=29539"},"modified":"2025-08-26T13:43:32","modified_gmt":"2025-08-26T11:43:32","slug":"presidente-abinader-dice-ano-escolar-inicia-con-una-matricula-de-2664028-estudiantes-77-5-corresponde-al-sector-publico-y-22-5-al-sector-privado","status":"publish","type":"post","link":"https:\/\/informedesalud.com.do\/?p=11582","title":{"rendered":"Presidente Abinader dice a\u00f1o escolar inicia con una matr\u00edcula de 2,664,028 estudiantes; 77.5% corresponde al sector p\u00fablico y 22.5% al sector privado"},"content":{"rendered":"<p><strong><em>Gobierno garantiza entrega de todos los kits escolares a estudiantes del pa\u00eds y resalta avances en la educaci\u00f3<\/em><\/strong><strong>n_<\/strong> <\/p>\n<p>*Santo Domingo.\u2013* El presidente Luis Abinader inform\u00f3 que el sistema educativo dominicano inicia el a\u00f1o escolar 2025-2026 con una matr\u00edcula total de 2,664,028 estudiantes, de los cuales el 77.5% corresponde al sector p\u00fablico y el 22.5% al sector privado, distribuidos en 7,931 centros p\u00fablicos y miles de instituciones privadas.<\/p>\n<p>Durante la presentaci\u00f3n del panorama educativo, Abinader destac\u00f3 que m\u00e1s de 1.3 millones de alumnos (72.4%) estudian en tanda extendida, lo que representa 205,424 estudiantes adicionales respecto al a\u00f1o escolar 2019-2020.<\/p>\n<p>Estas informaciones las ofreci\u00f3 el mandatario durante LA Semanal con la Prensa realizada en el sal\u00f3n Las Cari\u00e1tides del Palacio Nacional y que llev\u00f3 por tema \u201cEducaci\u00f3n garantizada\u201d.<\/p>\n<figure class=\"wp-block-image size-large\"><img fetchpriority=\"high\" fetchpriority=\"high\" decoding=\"async\" width=\"1024\" height=\"682\" src=\"https:\/\/laconsultamedica.com.do\/wp-content\/uploads\/2025\/08\/img-20250826-wa00093522307144588820006-1024x682.jpg\" alt class=\"wp-image-29538\" srcset=\"https:\/\/laconsultamedica.com.do\/wp-content\/uploads\/2025\/08\/img-20250826-wa00093522307144588820006-1024x682.jpg 1024w, https:\/\/laconsultamedica.com.do\/wp-content\/uploads\/2025\/08\/img-20250826-wa00093522307144588820006-300x200.jpg 300w, https:\/\/laconsultamedica.com.do\/wp-content\/uploads\/2025\/08\/img-20250826-wa00093522307144588820006-768x512.jpg 768w, https:\/\/laconsultamedica.com.do\/wp-content\/uploads\/2025\/08\/img-20250826-wa00093522307144588820006-1536x1023.jpg 1536w, https:\/\/laconsultamedica.com.do\/wp-content\/uploads\/2025\/08\/img-20250826-wa00093522307144588820006-750x500.jpg 750w, https:\/\/laconsultamedica.com.do\/wp-content\/uploads\/2025\/08\/img-20250826-wa00093522307144588820006-1140x760.jpg 1140w, https:\/\/laconsultamedica.com.do\/wp-content\/uploads\/2025\/08\/img-20250826-wa00093522307144588820006.jpg 1600w\" sizes=\"(max-width: 1024px) 100vw, 1024px\"><\/figure>\n<p>El jefe de Estado asegur\u00f3 que su gobierno trabaja en torno a cuatro ejes fundamentales:<\/p>\n<p>1. Educaci\u00f3n de calidad desde el aula, con programas de alfabetizaci\u00f3n temprana, mejora en los aprendizajes y uso de tecnolog\u00eda, incluyendo rob\u00f3tica y herramientas de inteligencia artificial para fortalecer las matem\u00e1ticas en secundaria.<\/p>\n<p>2. Educaci\u00f3n que abra puertas a la empleabilidad, con la ampliaci\u00f3n de la educaci\u00f3n t\u00e9cnico-profesional, ense\u00f1anza de ingl\u00e9s y programas para j\u00f3venes y adultos.<\/p>\n<p>3. Educaci\u00f3n sin excusas ni exclusiones, mediante el transporte escolar nacional, que ya opera con 1,871 autobuses en 660 rutas, incluyendo unidades accesibles para estudiantes con discapacidad. Asimismo, se garantiza la cobertura del Plan de Alimentaci\u00f3n Escolar (PAE) y la entrega de m\u00e1s de un mill\u00f3n de kits escolares en 69 distritos.<\/p>\n<p>4. Educaci\u00f3n con valores, identidad y ciudadan\u00eda activa, incorporando desde este a\u00f1o la ense\u00f1anza expl\u00edcita de moral, c\u00edvica y \u00e9tica ciudadana en todos los niveles, adem\u00e1s de programas de cultura de paz, liderazgo estudiantil y participaci\u00f3n juvenil.<\/p>\n<p>El presidente tambi\u00e9n resalt\u00f3 el impacto de programas sociales como \u201cBono a Mil\u201d, que beneficiar\u00e1 a m\u00e1s de un mill\u00f3n de estudiantes, y el plan de reinserci\u00f3n escolar \u201cVuelta a la Escuela\u201d, dirigido a adolescentes y j\u00f3venes.<\/p>\n<p>\u201cNuestro compromiso es garantizar que cada ni\u00f1o y cada joven concluya su educaci\u00f3n con \u00e9xito y aprendizajes s\u00f3lidos\u201d, afirm\u00f3 Abinader al tiempo que subray\u00f3 que la educaci\u00f3n dominicana avanza hacia un modelo inclusivo, innovador y centrado en el futuro de las nuevas generaciones.<\/p>\n<p>*Director de INABIE*<\/p>\n<p>El director del INABIE, Adolfo P\u00e9rez, expres\u00f3 que en cuanto a la utiler\u00eda escolar, para el a\u00f1o 2019 solo el 17% de los estudiantes la recib\u00eda, en el 2021 subi\u00f3 a un 32% y para este 2025 lo recibir\u00e1 el 100% de los estudiantes. \u201cEst\u00e1 garantizada la utiler\u00eda escolar como son los zapatos, uniformes y mochilas del sistema p\u00fablico\u201d. <\/p>\n<p>Dijo que hasta la fecha se han entregado un 60% de los kits y que por d\u00eda se entregan unos 25 mil. Asegur\u00f3 que en unas tres o cuatro semanas podr\u00edan entregarse en su totalidad.<\/p>\n","protected":false},"excerpt":{"rendered":"<p>Gobierno garantiza entrega de todos los kits escolares a estudiantes del pa\u00eds y resalta avances en la educaci\u00f3n_ *Santo Domingo.\u2013* El presidente Luis Abinader inform\u00f3 que el sistema educativo dominicano inicia el a\u00f1o escolar 2025-2026 con una matr\u00edcula total de 2,664,028 estudiantes, de los cuales el 77.5% corresponde al sector p\u00fablico y el 22.5% al [&hellip;]<\/p>\n","protected":false},"author":1,"featured_media":11583,"comment_status":"closed","ping_status":"closed","sticky":false,"template":"","format":"standard","meta":{"_eb_attr":"","footnotes":""},"categories":[36],"tags":[],"_links":{"self":[{"href":"https:\/\/informedesalud.com.do\/index.php?rest_route=\/wp\/v2\/posts\/11582"}],"collection":[{"href":"https:\/\/informedesalud.com.do\/index.php?rest_route=\/wp\/v2\/posts"}],"about":[{"href":"https:\/\/informedesalud.com.do\/index.php?rest_route=\/wp\/v2\/types\/post"}],"author":[{"embeddable":true,"href":"https:\/\/informedesalud.com.do\/index.php?rest_route=\/wp\/v2\/users\/1"}],"replies":[{"embeddable":true,"href":"https:\/\/informedesalud.com.do\/index.php?rest_route=%2Fwp%2Fv2%2Fcomments&post=11582"}],"version-history":[{"count":0,"href":"https:\/\/informedesalud.com.do\/index.php?rest_route=\/wp\/v2\/posts\/11582\/revisions"}],"wp:featuredmedia":[{"embeddable":true,"href":"https:\/\/informedesalud.com.do\/index.php?rest_route=\/wp\/v2\/media\/11583"}],"wp:attachment":[{"href":"https:\/\/informedesalud.com.do\/index.php?rest_route=%2Fwp%2Fv2%2Fmedia&parent=11582"}],"wp:term":[{"taxonomy":"category","embeddable":true,"href":"https:\/\/informedesalud.com.do\/index.php?rest_route=%2Fwp%2Fv2%2Fcategories&post=11582"},{"taxonomy":"post_tag","embeddable":true,"href":"https:\/\/informedesalud.com.do\/index.php?rest_route=%2Fwp%2Fv2%2Ftags&post=11582"}],"curies":[{"name":"wp","href":"https:\/\/api.w.org\/{rel}","templated":true}]}}