{"id":11394,"date":"2025-08-14T14:35:00","date_gmt":"2025-08-14T12:35:00","guid":{"rendered":"https:\/\/laconsultamedica.com.do\/?p=29135"},"modified":"2025-08-14T14:35:00","modified_gmt":"2025-08-14T12:35:00","slug":"director-del-sns-realiza-cambios-estrategicos-en-hospitales-de-la-region-este","status":"publish","type":"post","link":"https:\/\/informedesalud.com.do\/?p=11394","title":{"rendered":"Director del SNS realiza cambios estrat\u00e9gicos en hospitales de la Regi\u00f3n Este"},"content":{"rendered":"<div><img decoding=\"async\" src=\"https:\/\/laconsultamedica.com.do\/wp-content\/uploads\/2025\/08\/image_editor_output_image-2048814510-1755174930832.jpg\" class=\"ff-og-image-inserted\"><\/div>\n<p>Santo Domingo. \u2013 El director ejecutivo del Servicio Nacional de Salud (SNS), doctor Mario Lama, design\u00f3 nuevos directores en tres importantes centros hospitalarios de la regi\u00f3n Este del pa\u00eds, como parte de las acciones de fortalecimiento de la Red P\u00fablica de Servicios de Salud.<\/p>\n<p>La doctora Ivette Dib fue designada como nueva directora del Hospital Provincial Nuestra Se\u00f1ora de La Altagracia, en Hig\u00fcey. <\/p>\n<p>Anteriormente, la doctora Dib se desempe\u00f1aba como directora del Hospital General de Ver\u00f3n, Punta Cana, donde lider\u00f3 importantes mejoras en la gesti\u00f3n hospitalaria y la calidad de los servicios.<\/p>\n<p>Por su parte, la doctora Rosario Guerrero Hidalgo, quien hasta el momento dirig\u00eda el Hospital Provincial Nuestra Se\u00f1ora de La Altagracia, pasa a asumir la direcci\u00f3n del Hospital General y de Especialidades Nuestra Se\u00f1ora de La Altagracia (HGENSA), centro de referencia regional en atenci\u00f3n especializada.<\/p>\n<p>Guerrero Hidalgo ha tenido una destacada trayectoria en la gesti\u00f3n hospitalaria, siendo reconocida por su enfoque en la mejora continua de los procesos asistenciales.<\/p>\n<p>Asimismo, el doctor Walexi Castillo Reyes, quien fung\u00eda como subdirector del Hospital General y de Especialidades Nuestra Se\u00f1ora de La Altagracia, fue designado como nuevo director del Hospital General de Ver\u00f3n, en Punta Cana. Castillo Reyes es un m\u00e9dico con amplia experiencia en la administraci\u00f3n de servicios de salud y un fuerte compromiso con el fortalecimiento de la atenci\u00f3n primaria y la eficiencia operativa.<\/p>\n<p>Durante el acto de juramentaci\u00f3n, el doctor Mario Lama destac\u00f3 que estos movimientos forman parte de la estrategia institucional para garantizar una gesti\u00f3n m\u00e1s eficiente y cercana en los principales centros de salud del pa\u00eds.<\/p>\n<p>\u201cConfiamos plenamente en que estos profesionales contribuir\u00e1n al fortalecimiento de los servicios hospitalarios con enfoque humano, calidad y eficiencia\u201d, expres\u00f3.<\/p>\n<p>Los nuevos directores agradecieron la confianza depositada por el SNS y manifestaron su compromiso de asumir este nuevo reto con responsabilidad, vocaci\u00f3n de servicio y enfoque en el bienestar de los pacientes.<\/p>\n<p>Con estas designaciones, el Servicio Nacional de Salud reafirma su compromiso con la mejora continua y la consolidaci\u00f3n de una red hospitalaria que responda con calidad y oportunidad a las necesidades de salud de la poblaci\u00f3n.<\/p>\n","protected":false},"excerpt":{"rendered":"<p>Santo Domingo. \u2013 El director ejecutivo del Servicio Nacional de Salud (SNS), doctor Mario Lama, design\u00f3 nuevos directores en tres importantes centros hospitalarios de la regi\u00f3n Este del pa\u00eds, como parte de las acciones de fortalecimiento de la Red P\u00fablica de Servicios de Salud. La doctora Ivette Dib fue designada como nueva directora del Hospital [&hellip;]<\/p>\n","protected":false},"author":1,"featured_media":11395,"comment_status":"closed","ping_status":"closed","sticky":false,"template":"","format":"standard","meta":{"_eb_attr":"","footnotes":""},"categories":[93],"tags":[],"_links":{"self":[{"href":"https:\/\/informedesalud.com.do\/index.php?rest_route=\/wp\/v2\/posts\/11394"}],"collection":[{"href":"https:\/\/informedesalud.com.do\/index.php?rest_route=\/wp\/v2\/posts"}],"about":[{"href":"https:\/\/informedesalud.com.do\/index.php?rest_route=\/wp\/v2\/types\/post"}],"author":[{"embeddable":true,"href":"https:\/\/informedesalud.com.do\/index.php?rest_route=\/wp\/v2\/users\/1"}],"replies":[{"embeddable":true,"href":"https:\/\/informedesalud.com.do\/index.php?rest_route=%2Fwp%2Fv2%2Fcomments&post=11394"}],"version-history":[{"count":0,"href":"https:\/\/informedesalud.com.do\/index.php?rest_route=\/wp\/v2\/posts\/11394\/revisions"}],"wp:featuredmedia":[{"embeddable":true,"href":"https:\/\/informedesalud.com.do\/index.php?rest_route=\/wp\/v2\/media\/11395"}],"wp:attachment":[{"href":"https:\/\/informedesalud.com.do\/index.php?rest_route=%2Fwp%2Fv2%2Fmedia&parent=11394"}],"wp:term":[{"taxonomy":"category","embeddable":true,"href":"https:\/\/informedesalud.com.do\/index.php?rest_route=%2Fwp%2Fv2%2Fcategories&post=11394"},{"taxonomy":"post_tag","embeddable":true,"href":"https:\/\/informedesalud.com.do\/index.php?rest_route=%2Fwp%2Fv2%2Ftags&post=11394"}],"curies":[{"name":"wp","href":"https:\/\/api.w.org\/{rel}","templated":true}]}}