{"id":11392,"date":"2025-08-14T14:37:40","date_gmt":"2025-08-14T12:37:40","guid":{"rendered":"https:\/\/laconsultamedica.com.do\/?p=29138"},"modified":"2025-08-14T14:37:40","modified_gmt":"2025-08-14T12:37:40","slug":"caesco-celebra-tercera-edicion-de-los-premios-periodismo-de-juventud","status":"publish","type":"post","link":"https:\/\/informedesalud.com.do\/?p=11392","title":{"rendered":"Caesco celebra tercera edici\u00f3n de los Premios Periodismo de Juventud"},"content":{"rendered":"<div><img decoding=\"async\" src=\"https:\/\/laconsultamedica.com.do\/wp-content\/uploads\/2025\/08\/image_editor_output_image-1468321811-1755175088501.jpg\" class=\"ff-og-image-inserted\"><\/div>\n<p>En el marco del D\u00eda Internacional de la Juventud, el Centro de An\u00e1lisis y Estudio de la Comunicaci\u00f3n (Caesco) celebr\u00f3 la tercera edici\u00f3n de los Premios Periodismo de Juventud, una iniciativa que reconoce el valor la juventud dominicana en el periodismo.<\/p>\n<p>En esta edici\u00f3n, que cont\u00f3 con la participaci\u00f3n de 50 trabajos en formatos tanto escritos como audiovisuales, se abordaron temas como educaci\u00f3n, salud mental, cultura, desigualdad, innovaci\u00f3n y medioambiente, todos tratados con rigor y sensibilidad.<\/p>\n<p>En estos premios fueron reconocidos tres trabajos period\u00edsticos. Raileny Alvarado obtuvo el galard\u00f3n en el rengl\u00f3n J\u00f3venes que Hacen Futuro, por su trabajo \u201cJ\u00f3venes como relevo generacional para agregar innovaci\u00f3n al agro dominicano\u201d, una pieza que resalta el aporte de una nueva generaci\u00f3n al sector agropecuario.<\/p>\n<p>En el rengl\u00f3n Juventud y Democracia, el periodista Wilder P\u00e1ez fue distinguido por su trabajo \u201cMarcha Verde: un movimiento que naci\u00f3 con fuerza y termin\u00f3 abrazando al poder\u201d, que analiza una transici\u00f3n clave en los movimientos sociales dominicanos, con carga hist\u00f3rica y pol\u00edtica.<\/p>\n<p>Por su parte, Carolina Cepeda recibi\u00f3 el reconocimiento en el rengl\u00f3n Realidad Social por su reportaje \u201cLos rostros j\u00f3venes de la indigencia\u201d, en el que visibiliza la vida de j\u00f3venes que hacen de la calle su hogar, las vicisitudes que enfrentan y la relevancia de la salud mental en estas realidades.<\/p>\n<p>Cada ganador recibi\u00f3 una placa de reconocimiento, un premio en efectivo y un dispositivo electr\u00f3nico multimedia. As\u00ed mismo, la Spain Business School otorg\u00f3 descuentos en sus programas formativos a los ganadores, como aporte a su desarrollo profesional.<\/p>\n<p>Adem\u00e1s de los galardones principales, se otorgaron menciones de honor a los periodistas Arisleidy Santos, Luis David Flores, Yanibel Asencio, Ana Aybar, Jes\u00fas V\u00e1squez y Aldrys S\u00e1nchez, por la calidad y pertinencia de sus propuestas.<\/p>\n","protected":false},"excerpt":{"rendered":"<p>En el marco del D\u00eda Internacional de la Juventud, el Centro de An\u00e1lisis y Estudio de la Comunicaci\u00f3n (Caesco) celebr\u00f3 la tercera edici\u00f3n de los Premios Periodismo de Juventud, una iniciativa que reconoce el valor la juventud dominicana en el periodismo. En esta edici\u00f3n, que cont\u00f3 con la participaci\u00f3n de 50 trabajos en formatos tanto [&hellip;]<\/p>\n","protected":false},"author":1,"featured_media":11393,"comment_status":"closed","ping_status":"closed","sticky":false,"template":"","format":"standard","meta":{"_eb_attr":"","footnotes":""},"categories":[36],"tags":[],"_links":{"self":[{"href":"https:\/\/informedesalud.com.do\/index.php?rest_route=\/wp\/v2\/posts\/11392"}],"collection":[{"href":"https:\/\/informedesalud.com.do\/index.php?rest_route=\/wp\/v2\/posts"}],"about":[{"href":"https:\/\/informedesalud.com.do\/index.php?rest_route=\/wp\/v2\/types\/post"}],"author":[{"embeddable":true,"href":"https:\/\/informedesalud.com.do\/index.php?rest_route=\/wp\/v2\/users\/1"}],"replies":[{"embeddable":true,"href":"https:\/\/informedesalud.com.do\/index.php?rest_route=%2Fwp%2Fv2%2Fcomments&post=11392"}],"version-history":[{"count":0,"href":"https:\/\/informedesalud.com.do\/index.php?rest_route=\/wp\/v2\/posts\/11392\/revisions"}],"wp:featuredmedia":[{"embeddable":true,"href":"https:\/\/informedesalud.com.do\/index.php?rest_route=\/wp\/v2\/media\/11393"}],"wp:attachment":[{"href":"https:\/\/informedesalud.com.do\/index.php?rest_route=%2Fwp%2Fv2%2Fmedia&parent=11392"}],"wp:term":[{"taxonomy":"category","embeddable":true,"href":"https:\/\/informedesalud.com.do\/index.php?rest_route=%2Fwp%2Fv2%2Fcategories&post=11392"},{"taxonomy":"post_tag","embeddable":true,"href":"https:\/\/informedesalud.com.do\/index.php?rest_route=%2Fwp%2Fv2%2Ftags&post=11392"}],"curies":[{"name":"wp","href":"https:\/\/api.w.org\/{rel}","templated":true}]}}