{"id":11380,"date":"2025-08-13T11:12:13","date_gmt":"2025-08-13T09:12:13","guid":{"rendered":"https:\/\/laconsultamedica.com.do\/?p=29091"},"modified":"2025-08-13T11:12:13","modified_gmt":"2025-08-13T09:12:13","slug":"selecta_rd-reconocera-artesanos-larimar-y-ambar-azul","status":"publish","type":"post","link":"https:\/\/informedesalud.com.do\/?p=11380","title":{"rendered":"Selecta_Rd Reconocer\u00e1 Artesanos Larimar Y Ambar Azul"},"content":{"rendered":"<div><img decoding=\"async\" src=\"https:\/\/laconsultamedica.com.do\/wp-content\/uploads\/2025\/08\/image_editor_output_image-1287313060-1755076388744.jpg\" class=\"ff-og-image-inserted\"><\/div>\n<p>Santo Domingo, D.N. Artesanos orfebres y dise\u00f1adores de joyer\u00eda y moda artesanal ser\u00e1n galardonados durante la tercera versi\u00f3n de la exposici\u00f3n SELECTA_RD, 2025.<\/p>\n<p>Por tercer a\u00f1o consecutivo, la Fundaci\u00f3n Dominicana de Desarrollo (FDD) junto al Programa Coopera del Banco de Reservas respaldan el evento, que se ha posicionado como la principal exposici\u00f3n de artesan\u00eda de autor en Rep\u00fablica Dominicana y la regi\u00f3n Caribe, dedicado a promover la protecci\u00f3n y bienestar del artesano, la educaci\u00f3n al consumidor, el fomento, la producci\u00f3n y la comercializaci\u00f3n responsables de la artesan\u00eda criolla.<\/p>\n<p>Esta vez, la dedicatoria es al Larimar y \u00e1mbar azul, dos recursos mineros dominicanos, y un llamado especial a cuidarlos junto a toda la riqueza del patrimonio natural del pa\u00eds.<\/p>\n<p>Adem\u00e1s de los artesanos y dise\u00f1adores que ser\u00e1n reconocidos, el programa de actividades contiene ventas de joyas de Larimar, \u00e1mbar y otras artesan\u00edas selectas, as\u00ed como la presentaci\u00f3n de varias cooperativas de trabajo y producci\u00f3n artesanal que reciben asistencia t\u00e9cnica y acompa\u00f1amiento del Programa Coopera.<\/p>\n<p>Otros colaboradores son el Centro Cultural Banreservas, Casa de Italia y la Fundaci\u00f3n C\u00e1mara de Comercio y Producci\u00f3n Artesanal (CAMAARD).<\/p>\n<p>Fechas, horarios y programa y experiencias abiertas al p\u00fablico<\/p>\n<p>Valent\u00edn Guerrero, gestor y curador de la exposici\u00f3n, inform\u00f3 que \u00a8 durante los d\u00edas 19 al 30 de septiembre, 2025, el p\u00fablico local y visitante podr\u00e1 disfrutar de la exposici\u00f3n, libre de costo, de 9:00 de la ma\u00f1ana a 6:00 de la tarde, en las instalaciones de Casa de ltalia en Ciudad Colonial. Precis\u00f3 que los s\u00e1bados y el feriado del D\u00eda de la Virgen de Las Mercedes el horario se extender\u00e1 hasta las 8:30 de la noche.<\/p>\n<p>El programa de actividades ser\u00e1 publicado en las redes sociales del evento y de las entidades coorganizadoras. Para m\u00e1s informaci\u00f3n los interesados pueden seguir el Ig: Selecta_RD<\/p>\n<p>Los expositores<\/p>\n<p>SELECTA_RD se caracteriza por ser una exposici\u00f3n que rinde homenaje a los m\u00e1s experimentados artesanos maestros, por su trayectoria, su consagraci\u00f3n al oficio y su legado como portadores de las t\u00e9cnicas artesanales, que forman parte del patrimonio cultural del pa\u00eds.&nbsp; Dentro de artesanos maestros orfebres, joyeros y dise\u00f1adores de joyer\u00eda expositores, los visitantes podr\u00e1n apreciar las creaciones de: Brunildo Espinosa, Rubio Alfa, Ronny Pe\u00f1a, Francisco De La Cruz Rosario, Patrick Joyas, Daicy David, Sof\u00eda Ort\u00edz, Alexandra Bautista H.&nbsp; y Joyer\u00eda Fric\u00e1.&nbsp; Adem\u00e1s, la participaci\u00f3n de Orfila Rodr\u00edguez, Laura Tosato, Emelinda P\u00e9rez, F\u00e1tima Polanco, Gisselle Mancebo, B\u00e1rbara Taveras y Jorge Caridad. Habr\u00e1 un reconocimiento especial al don Miguel M\u00e9ndez, autor del nombre Larimar.<\/p>\n<p>En cuanto al rengl\u00f3n de las cooperativas, asociaciones y entidades participantes, destacan la Escuela de Moda de la UASD con la maestra dise\u00f1adora Orfila Rodriguez, el CLUSTER DE CHACABANAS con el dise\u00f1ador Albert Espirtu; las cooperativas de artesanos: COOPAJARE, COOPAVAL, COOPARTEDIR, COOPASOARTEP, el COLECTIVO SYMBIOSIS y la Fundaci\u00f3n CAMAARD.<\/p>\n<p>M\u00e1s sobre el Larimar y el \u00e1mbar azul.<\/p>\n<p>El Larimar fue descubierto por Rev. Padre M. Fuentes. Comenz\u00f3 a extraerse en 1974 y fue bautizado como Larimar por el artesano Miguel M\u00e9ndez, inspirado en el nombre de su hija Larissa y el azul del mar barahonero.&nbsp;&nbsp;&nbsp; <\/p>\n<p>Es una pectolita distinta a las de su especie debido al color azul y la dureza.&nbsp; Est\u00e1 compuesta por silicato c\u00e1lcico-s\u00f3dico, Ca2NaH(Si03)3 y se encuentra en tonos verdes y azules y, en su variedad m\u00e1s apreciada, adquiere una tonalidad turquesa. Existe una solo mina de Larimar en el mundo y se ubica Bahoruco, Barahona.&nbsp; Recientemente, Rep\u00fablica Dominicana obtuvo la certificaci\u00f3n de \u00a8Denominaci\u00f3n de Origen Larimar Barahona\u00a8 luego de un proceso de validaci\u00f3n ante la Organizaci\u00f3n Mundial de la Propiedad Intelectual (OMPI) con una protecci\u00f3n que cubre unos 28 pa\u00edses.<\/p>\n<p>El \u00e1mbar azul es una rara variedad de la resina f\u00f3sil de origen vegetal que ha sido identificada en la Rep\u00fablica Dominicana. Geogr\u00e1ficamente, los mayores yacimientos de \u00e1mbar se ubican en las monta\u00f1as de Santiago, Puerto Plata y El Valle de Hato Mayor.&nbsp; Aunque existe \u00e1mbar en los pa\u00edses b\u00e1lticos, en M\u00e9xico y otros lugares del mundo, el \u00e1mbar azul dominicano es altamente valorado por su originalidad.<\/p>\n","protected":false},"excerpt":{"rendered":"<p>Santo Domingo, D.N. Artesanos orfebres y dise\u00f1adores de joyer\u00eda y moda artesanal ser\u00e1n galardonados durante la tercera versi\u00f3n de la exposici\u00f3n SELECTA_RD, 2025. Por tercer a\u00f1o consecutivo, la Fundaci\u00f3n Dominicana de Desarrollo (FDD) junto al Programa Coopera del Banco de Reservas respaldan el evento, que se ha posicionado como la principal exposici\u00f3n de artesan\u00eda de [&hellip;]<\/p>\n","protected":false},"author":1,"featured_media":11381,"comment_status":"closed","ping_status":"closed","sticky":false,"template":"","format":"standard","meta":{"_eb_attr":"","footnotes":""},"categories":[43],"tags":[],"_links":{"self":[{"href":"https:\/\/informedesalud.com.do\/index.php?rest_route=\/wp\/v2\/posts\/11380"}],"collection":[{"href":"https:\/\/informedesalud.com.do\/index.php?rest_route=\/wp\/v2\/posts"}],"about":[{"href":"https:\/\/informedesalud.com.do\/index.php?rest_route=\/wp\/v2\/types\/post"}],"author":[{"embeddable":true,"href":"https:\/\/informedesalud.com.do\/index.php?rest_route=\/wp\/v2\/users\/1"}],"replies":[{"embeddable":true,"href":"https:\/\/informedesalud.com.do\/index.php?rest_route=%2Fwp%2Fv2%2Fcomments&post=11380"}],"version-history":[{"count":0,"href":"https:\/\/informedesalud.com.do\/index.php?rest_route=\/wp\/v2\/posts\/11380\/revisions"}],"wp:featuredmedia":[{"embeddable":true,"href":"https:\/\/informedesalud.com.do\/index.php?rest_route=\/wp\/v2\/media\/11381"}],"wp:attachment":[{"href":"https:\/\/informedesalud.com.do\/index.php?rest_route=%2Fwp%2Fv2%2Fmedia&parent=11380"}],"wp:term":[{"taxonomy":"category","embeddable":true,"href":"https:\/\/informedesalud.com.do\/index.php?rest_route=%2Fwp%2Fv2%2Fcategories&post=11380"},{"taxonomy":"post_tag","embeddable":true,"href":"https:\/\/informedesalud.com.do\/index.php?rest_route=%2Fwp%2Fv2%2Ftags&post=11380"}],"curies":[{"name":"wp","href":"https:\/\/api.w.org\/{rel}","templated":true}]}}