{"id":11376,"date":"2025-08-13T11:16:32","date_gmt":"2025-08-13T09:16:32","guid":{"rendered":"https:\/\/laconsultamedica.com.do\/?p=29097"},"modified":"2025-08-13T11:16:32","modified_gmt":"2025-08-13T09:16:32","slug":"presidente-abinader-recibe-estrategia-nacional-para-posicionar-a-rd-como-referente-en-manufactura-y-ensamblaje-de-semiconductores","status":"publish","type":"post","link":"https:\/\/informedesalud.com.do\/?p=11376","title":{"rendered":"Presidente Abinader recibe Estrategia Nacional para posicionar a RD como referente en manufactura y ensamblaje de semiconductores"},"content":{"rendered":"<p><strong><em>Empresas globales apuestan por Rep\u00fablica Dominicana para crecer y expandirse. En el 2024, la inversi\u00f3n extranjera directa en zonas francas creci\u00f3 un 21%, alcanzando los US$417.4 millones, en medio de un entorno global desafiant<\/em><\/strong><strong>e<\/strong>._<\/p>\n<p>*Santo Domingo. \u2013* El presidente Luis Abinader recibi\u00f3 este martes oficialmente la Estrategia Nacional de Fomento a la Industria de Semiconductores (ENFIS), presentada por Ian Steff, CEO de my Silicon Compass, durante un acto donde se dio a conocer la hoja de ruta destinada a posicionar a la Rep\u00fablica Dominicana como un referente en la manufactura y ensamblaje de semiconductores.<\/p>\n<p>En el marco de la conmemoraci\u00f3n del \u201cD\u00eda Nacional de las Zonas Francas\u201d, se destac\u00f3 que la Rep\u00fablica Dominicana se consolida como un destino seguro, competitivo y confiable para el capital internacional. En 2024, la inversi\u00f3n extranjera directa (IED) en el r\u00e9gimen de zonas francas alcanz\u00f3 los US$417.4 millones, registrando un crecimiento interanual del 21%.<\/p>\n<p>Estos datos fueron dados a conocer por el ministro de Industria, Comercio y Mipymes (MICM), V\u00edctor -Ito- Bison\u00f3 y la presidenta de la Asociaci\u00f3n Dominicana de Zonas Francas (ADOZONA), Claudia Pellerano, durante el evento \u201cZonas Francas, Zonas de Oportunidades 2025\u201d.<\/p>\n<figure class=\"wp-block-image size-large\"><img fetchpriority=\"high\" fetchpriority=\"high\" decoding=\"async\" width=\"1024\" height=\"683\" src=\"https:\/\/laconsultamedica.com.do\/wp-content\/uploads\/2025\/08\/img-20250813-wa00096784177309616013044-1024x683.jpg\" alt class=\"wp-image-29096\" srcset=\"https:\/\/laconsultamedica.com.do\/wp-content\/uploads\/2025\/08\/img-20250813-wa00096784177309616013044-1024x683.jpg 1024w, https:\/\/laconsultamedica.com.do\/wp-content\/uploads\/2025\/08\/img-20250813-wa00096784177309616013044-300x200.jpg 300w, https:\/\/laconsultamedica.com.do\/wp-content\/uploads\/2025\/08\/img-20250813-wa00096784177309616013044-768x512.jpg 768w, https:\/\/laconsultamedica.com.do\/wp-content\/uploads\/2025\/08\/img-20250813-wa00096784177309616013044-1536x1025.jpg 1536w, https:\/\/laconsultamedica.com.do\/wp-content\/uploads\/2025\/08\/img-20250813-wa00096784177309616013044-750x500.jpg 750w, https:\/\/laconsultamedica.com.do\/wp-content\/uploads\/2025\/08\/img-20250813-wa00096784177309616013044-1140x760.jpg 1140w, https:\/\/laconsultamedica.com.do\/wp-content\/uploads\/2025\/08\/img-20250813-wa00096784177309616013044.jpg 2000w\" sizes=\"(max-width: 1024px) 100vw, 1024px\"><\/figure>\n<p>En el acto, el ministro Bison\u00f3, destac\u00f3 que a pesar de un contexto internacional marcado por tensiones geopol\u00edticas y retos log\u00edsticos, el pa\u00eds sigue siendo destino atractivo para la inversion y cit\u00f3 el caso de Randy Carr, CEO de la empresa norteamerica World Emblem que conoci\u00f3 del pa\u00eds al preguntar a la inteligencia artificial, y el pasado lunes 11 de agosto inici\u00f3 la construcci\u00f3n para instalarse en la Zona Franca Tamboril. <\/p>\n<p>Bison\u00f3 aprovech\u00f3 la ocasi\u00f3n para resaltar el \u00e9xito en el modelo de zonas francas dominicanas de las empresas: Eaton, Jabil, Medtronic, Hanes, Fresenius Kabi, entre otras, las cuales se destacan en las \u00e1reas de dispositivos m\u00e9dicos, textiles, productos agroindustriales y tecnolog\u00eda.<\/p>\n<p>*Diversificaci\u00f3n de las zonas francas*<\/p>\n<p>De su lado, Claudia Pellerano, presidenta de ADOZONA, destac\u00f3 que en el \u00faltimo a\u00f1o ha habido una diversificaci\u00f3n de las zonas francas, m\u00e1s all\u00e1 del textil, con productos innovadores poco asociados a este importante sector de la econom\u00eda, como catamaranes el\u00e9ctricos, fusibles el\u00e9ctricos, dispositivos de seguridad como alarmas y cerraduras electr\u00f3nicas para puertas. <\/p>\n<p>Asimismo, \u201cPor cada empleo directo, se estima la creaci\u00f3n de 2.3 empleos indirectos, lo que implica que el impacto total del sector alcanza cerca de 460,000 empleos a nivel nacional, evidenciando su incidencia estructural en el crecimiento econ\u00f3mico, la inclusi\u00f3n productiva y la expansi\u00f3n del empleo.\u201d<\/p>\n<p>Durante la actividad, destac\u00f3 que el sector de Zonas Francas ha sido un componente esencial en la transformaci\u00f3n econ\u00f3mica e industrial de la Rep\u00fablica Dominicana. Al cierre de 2024, este r\u00e9gimen represent\u00f3 el 3.1 % del PIB y gener\u00f3 m\u00e1s de 198,450 empleos directos formales a punto el ministro.<\/p>\n<p>*Historias de \u00c9xitos del sector Zonas Francas*<\/p>\n<p>El evento incluy\u00f3 el panel \u201c\u00bfPor qu\u00e9 Rep\u00fablica Dominicana?\u201d, con la participaci\u00f3n de l\u00edderes de empresas internacionales como Jim West, vicepresidente senior y director de operaciones de B. Braun; Juan Carlos Ib\u00e1\u00f1ez, presidente de Garware Healthcare S.A.S. ; Kelly Fleming &nbsp;vicepresidenta de Desarrollo corporativo global de Steris AST y Randy Carr, CEO de World Emblem.<\/p>\n<p>Estos l\u00edderes empresariales compartieron su experiencia sobre las razones por la cual han decidido instalarse en el pa\u00eds y expandirse desde aqu\u00ed. <\/p>\n<p>Acompa\u00f1aron al mandatario, el presidente del Senado, Ricardo de los Santos; los ministros de Industria, Comercio y Mipymes, V\u00edctor Bison\u00f3; de Energ\u00eda y Minas Joel Santos; los directores del Consejo Nacional de Zonas Francas de Exportaci\u00f3n, Daniel Liranzo; de ProDominicana, Biviana Riveiro; empresarios y representantes del cuerpo diplom\u00e1tico acreditados en el pa\u00eds.<\/p>\n","protected":false},"excerpt":{"rendered":"<p>Empresas globales apuestan por Rep\u00fablica Dominicana para crecer y expandirse. En el 2024, la inversi\u00f3n extranjera directa en zonas francas creci\u00f3 un 21%, alcanzando los US$417.4 millones, en medio de un entorno global desafiante._ *Santo Domingo. \u2013* El presidente Luis Abinader recibi\u00f3 este martes oficialmente la Estrategia Nacional de Fomento a la Industria de Semiconductores [&hellip;]<\/p>\n","protected":false},"author":1,"featured_media":11377,"comment_status":"closed","ping_status":"closed","sticky":false,"template":"","format":"standard","meta":{"_eb_attr":"","footnotes":""},"categories":[36],"tags":[],"_links":{"self":[{"href":"https:\/\/informedesalud.com.do\/index.php?rest_route=\/wp\/v2\/posts\/11376"}],"collection":[{"href":"https:\/\/informedesalud.com.do\/index.php?rest_route=\/wp\/v2\/posts"}],"about":[{"href":"https:\/\/informedesalud.com.do\/index.php?rest_route=\/wp\/v2\/types\/post"}],"author":[{"embeddable":true,"href":"https:\/\/informedesalud.com.do\/index.php?rest_route=\/wp\/v2\/users\/1"}],"replies":[{"embeddable":true,"href":"https:\/\/informedesalud.com.do\/index.php?rest_route=%2Fwp%2Fv2%2Fcomments&post=11376"}],"version-history":[{"count":0,"href":"https:\/\/informedesalud.com.do\/index.php?rest_route=\/wp\/v2\/posts\/11376\/revisions"}],"wp:featuredmedia":[{"embeddable":true,"href":"https:\/\/informedesalud.com.do\/index.php?rest_route=\/wp\/v2\/media\/11377"}],"wp:attachment":[{"href":"https:\/\/informedesalud.com.do\/index.php?rest_route=%2Fwp%2Fv2%2Fmedia&parent=11376"}],"wp:term":[{"taxonomy":"category","embeddable":true,"href":"https:\/\/informedesalud.com.do\/index.php?rest_route=%2Fwp%2Fv2%2Fcategories&post=11376"},{"taxonomy":"post_tag","embeddable":true,"href":"https:\/\/informedesalud.com.do\/index.php?rest_route=%2Fwp%2Fv2%2Ftags&post=11376"}],"curies":[{"name":"wp","href":"https:\/\/api.w.org\/{rel}","templated":true}]}}