{"id":11312,"date":"2025-08-08T11:24:44","date_gmt":"2025-08-08T09:24:44","guid":{"rendered":"https:\/\/laconsultamedica.com.do\/?p=28930"},"modified":"2025-08-08T11:24:44","modified_gmt":"2025-08-08T09:24:44","slug":"presidente-abinader-impulsa-vision-de-futuro-con-meta-rd-2036-mas-de-1000-propuestas-discutidas-y-85-acciones-priorizadas","status":"publish","type":"post","link":"https:\/\/informedesalud.com.do\/?p=11312","title":{"rendered":"Presidente Abinader impulsa visi\u00f3n de futuro con Meta RD 2036: m\u00e1s de 1,000 propuestas discutidas y 85 acciones priorizadas"},"content":{"rendered":"<p><strong><em>Acciones priorizadas marcan inicio del camino hacia la consolidaci\u00f3n de un pa\u00eds plenamente desarrollado. Coordinadores presentan primeras soluciones para duplicar PIB y consolidar desarrollo sostenible e inclusi<\/em><\/strong><strong>vo<\/strong><\/p>\n<p>Santo Domingo.- El presidente Luis Abinader, junto a la vicepresidenta Raquel Pe\u00f1a, encabez\u00f3 la presentaci\u00f3n de las acciones priorizadas por los comit\u00e9s sectoriales de la iniciativa Meta RD 2036, durante una sesi\u00f3n ampliada del Pleno del Consejo Nacional de Competitividad.&nbsp; <\/p>\n<p>Esta presentaci\u00f3n marca un paso clave en la construcci\u00f3n de una visi\u00f3n compartida para el desarrollo sostenible de la Rep\u00fablica Dominicana hacia el a\u00f1o 2036.<\/p>\n<p>Al pronunciar algunas palabras, el presidente Abinader present\u00f3 una propuesta para organizar las acciones de la Estrategia Nacional de Desarrollo Meta RD 2036, dividi\u00e9ndolas en medidas inmediatas, de mediano plazo y largo plazo, seg\u00fan su viabilidad.<\/p>\n<p>De las medidas inmediatas, dijo que estas pueden ejecutarse sin financiamiento ni aprobaci\u00f3n legislativa, mientras que las de mediano plazo sostuvo que requieren consenso pol\u00edtico y recursos moderados. Las de largo plazo explic\u00f3 buscan transformar la econom\u00eda y necesitan planificaci\u00f3n y fondos significativos.<\/p>\n<p>El mandatario propuso reuniones en los pr\u00f3ximos d\u00edas para adaptar las acciones desde el gobierno, definir prioridades y asignar responsabilidades, reafirmando su compromiso con el desarrollo econ\u00f3mico del pa\u00eds.<\/p>\n<p>El acto tambi\u00e9n cont\u00f3 inici\u00f3 con las palabras de los viceministros Luis Madera y Mart\u00edn Francos, quienes presentaron el informe titulado: \u00abRD se afianza como referente del desarrollo sostenible en Am\u00e9rica Latina y el Caribe\u00bb, basado en los datos del Sustainable Development Goals Index (SDG Index) 2025.<\/p>\n<figure class=\"wp-block-image size-large\"><img fetchpriority=\"high\" fetchpriority=\"high\" decoding=\"async\" width=\"1024\" height=\"682\" src=\"https:\/\/laconsultamedica.com.do\/wp-content\/uploads\/2025\/08\/img-20250808-wa00096614284401068106724-1024x682.jpg\" alt class=\"wp-image-28929\" srcset=\"https:\/\/laconsultamedica.com.do\/wp-content\/uploads\/2025\/08\/img-20250808-wa00096614284401068106724-1024x682.jpg 1024w, https:\/\/laconsultamedica.com.do\/wp-content\/uploads\/2025\/08\/img-20250808-wa00096614284401068106724-300x200.jpg 300w, https:\/\/laconsultamedica.com.do\/wp-content\/uploads\/2025\/08\/img-20250808-wa00096614284401068106724-768x512.jpg 768w, https:\/\/laconsultamedica.com.do\/wp-content\/uploads\/2025\/08\/img-20250808-wa00096614284401068106724-1536x1023.jpg 1536w, https:\/\/laconsultamedica.com.do\/wp-content\/uploads\/2025\/08\/img-20250808-wa00096614284401068106724-750x500.jpg 750w, https:\/\/laconsultamedica.com.do\/wp-content\/uploads\/2025\/08\/img-20250808-wa00096614284401068106724-1140x760.jpg 1140w, https:\/\/laconsultamedica.com.do\/wp-content\/uploads\/2025\/08\/img-20250808-wa00096614284401068106724.jpg 1600w\" sizes=\"(max-width: 1024px) 100vw, 1024px\"><\/figure>\n<p>En representaci\u00f3n del Consejo Nacional de Competitividad, el director ejecutivo Peter Prazmowski comparti\u00f3 una visi\u00f3n general sobre la estrategia de Meta RD 2036 y los avances alcanzados en las sesiones de trabajo de los comit\u00e9s t\u00e9cnicos, destacando el compromiso de los sectores p\u00fablico y privado en la construcci\u00f3n de una agenda transformadora.<\/p>\n<p>\u201cEl trabajo realizado en las mesas t\u00e9cnicas evidencia una trayectoria ascendente. Estamos sentando las bases para que la Rep\u00fablica Dominicana no solo sea m\u00e1s competitiva, sino tambi\u00e9n m\u00e1s sostenible e inclusiva\u201d, se\u00f1al\u00f3 Prazmowski.<\/p>\n<p>Como parte central de la jornada, los coordinadores de los 12 sectores priorizados presentaron los resultados de m\u00e1s de 50 sesiones de trabajo, en las que se analizaron m\u00e1s de 1,000 propuestas. <\/p>\n<p>Este proceso riguroso dio como resultado la consolidaci\u00f3n de 490 iniciativas, de las cuales 85 fueron priorizadas como acciones estrat\u00e9gicas para impulsar la transformaci\u00f3n nacional en la pr\u00f3xima d\u00e9cada.<\/p>\n<p>La estrategia Meta RD 2036 continuar\u00e1 su implementaci\u00f3n con el acompa\u00f1amiento del Consejo Nacional de Competitividad y los sectores productivos, promoviendo la formulaci\u00f3n de pol\u00edticas p\u00fablicas, el impulso de la innovaci\u00f3n y la consolidaci\u00f3n de alianzas que permitan garantizar un mayor bienestar para todos los dominicanos.<\/p>\n<p>Meta RD 2036 es un compromiso de naci\u00f3n. Estas primeras acciones representan el punto de partida de un trabajo que continuar\u00e1 fortaleci\u00e9ndose con la participaci\u00f3n de todos los sectores, para que, al llegar al a\u00f1o 2036, la Rep\u00fablica Dominicana se consolide como un referente regional de desarrollo inclusivo, sostenibilidad y prosperidad compartida.<\/p>\n","protected":false},"excerpt":{"rendered":"<p>Acciones priorizadas marcan inicio del camino hacia la consolidaci\u00f3n de un pa\u00eds plenamente desarrollado. Coordinadores presentan primeras soluciones para duplicar PIB y consolidar desarrollo sostenible e inclusivo Santo Domingo.- El presidente Luis Abinader, junto a la vicepresidenta Raquel Pe\u00f1a, encabez\u00f3 la presentaci\u00f3n de las acciones priorizadas por los comit\u00e9s sectoriales de la iniciativa Meta RD [&hellip;]<\/p>\n","protected":false},"author":1,"featured_media":11313,"comment_status":"closed","ping_status":"closed","sticky":false,"template":"","format":"standard","meta":{"_eb_attr":"","footnotes":""},"categories":[36],"tags":[],"_links":{"self":[{"href":"https:\/\/informedesalud.com.do\/index.php?rest_route=\/wp\/v2\/posts\/11312"}],"collection":[{"href":"https:\/\/informedesalud.com.do\/index.php?rest_route=\/wp\/v2\/posts"}],"about":[{"href":"https:\/\/informedesalud.com.do\/index.php?rest_route=\/wp\/v2\/types\/post"}],"author":[{"embeddable":true,"href":"https:\/\/informedesalud.com.do\/index.php?rest_route=\/wp\/v2\/users\/1"}],"replies":[{"embeddable":true,"href":"https:\/\/informedesalud.com.do\/index.php?rest_route=%2Fwp%2Fv2%2Fcomments&post=11312"}],"version-history":[{"count":0,"href":"https:\/\/informedesalud.com.do\/index.php?rest_route=\/wp\/v2\/posts\/11312\/revisions"}],"wp:featuredmedia":[{"embeddable":true,"href":"https:\/\/informedesalud.com.do\/index.php?rest_route=\/wp\/v2\/media\/11313"}],"wp:attachment":[{"href":"https:\/\/informedesalud.com.do\/index.php?rest_route=%2Fwp%2Fv2%2Fmedia&parent=11312"}],"wp:term":[{"taxonomy":"category","embeddable":true,"href":"https:\/\/informedesalud.com.do\/index.php?rest_route=%2Fwp%2Fv2%2Fcategories&post=11312"},{"taxonomy":"post_tag","embeddable":true,"href":"https:\/\/informedesalud.com.do\/index.php?rest_route=%2Fwp%2Fv2%2Ftags&post=11312"}],"curies":[{"name":"wp","href":"https:\/\/api.w.org\/{rel}","templated":true}]}}