{"id":11228,"date":"2025-08-04T12:23:30","date_gmt":"2025-08-04T10:23:30","guid":{"rendered":"https:\/\/laconsultamedica.com.do\/?p=28749"},"modified":"2025-08-04T12:23:30","modified_gmt":"2025-08-04T10:23:30","slug":"ministerio-de-salud-inicia-semana-mundial-de-la-lactancia-materna-con-llamado-al-apoyo-sostenible","status":"publish","type":"post","link":"https:\/\/informedesalud.com.do\/?p=11228","title":{"rendered":"Ministerio de Salud inicia Semana Mundial de la Lactancia Materna con\u00a0 llamado al apoyo sostenible"},"content":{"rendered":"<div><img decoding=\"async\" src=\"https:\/\/laconsultamedica.com.do\/wp-content\/uploads\/2025\/08\/image_editor_output_image290025189-1754303098574.png\" class=\"ff-og-image-inserted\"><\/div>\n<p>Santo Domingo. \u2013 Con motivo de conmemorase la \u201cSemana Mundial de la Lactancia Materna\u201d, del 1 al 7 de agosto, el Ministerio de Salud P\u00fablica (MSP), dio inicio a una serie de actividades orientadas a promover entornos sostenibles de apoyo a esta pr\u00e1ctica esencial para la salud materno-infantil.<\/p>\n<p>Estas actividades se realizan a trav\u00e9s del Programa Materno Infantil, en coordinaci\u00f3n con la Comisi\u00f3n Nacional de Lactancia Materna y el Instituto de Nutrici\u00f3n de Centroam\u00e9rica y Panam\u00e1 (INCAP).<\/p>\n<p>Este a\u00f1o, bajo el lema \u201cPrioricemos la lactancia materna: crear sistemas de apoyo sostenibles\u201d, las acciones van alineadas a las metas de la Organizaci\u00f3n Mundial de la Salud (OMS) y el Fondo de las Naciones Unidas para la Infancia (UNICEF) de alcanzar al menos un 50 % de lactancia materna exclusiva durante los primeros seis meses de vida para el a\u00f1o 2025.<\/p>\n<p>El doctor Tamy Santana Monsanto, encargado del Programa Materno Infantil, se\u00f1al\u00f3 que a nivel global, solo el 38 % de los reci\u00e9n nacidos reciben lactancia materna exclusiva, mientras que en Rep\u00fablica Dominicana la cifra es de apenas un 16 %, seg\u00fan la Encuesta Enhogar de la Oficina Nacional de Estad\u00edstica (ONE) 2019.<\/p>\n<p>\u201cEste a\u00f1o, las acciones est\u00e1n enfocadas en fortalecer los sistemas de apoyo institucionales y comunitarios, de modo que todas las madres cuenten con el respaldo necesario para amamantar con \u00e9xito\u201d, indic\u00f3 Santana.<\/p>\n<p>Explic\u00f3 que un sistema sostenible de apoyo a la lactancia materna debe involucrar a toda la sociedad, garantizando el entorno, la informaci\u00f3n y los recursos adecuados desde el embarazo hasta los primeros dos a\u00f1os de vida del ni\u00f1o y m\u00e1s all\u00e1.<\/p>\n<p>Entre las actividades programadas se encuentran jornadas de sensibilizaci\u00f3n en Direcciones Provinciales y de \u00c1reas de Salud (DPS y DAS), la apertura de nuevas Salas Amigas de la Lactancia Materna, campa\u00f1as en redes sociales, as\u00ed como charlas educativas en instituciones p\u00fablicas y privadas.<\/p>\n<p>\u201cEl acompa\u00f1amiento debe iniciar desde el per\u00edodo prenatal, con personal de salud capacitado que oriente de forma clara y emp\u00e1tica, y continuar durante la estancia hospitalaria y luego del alta, para enfrentar los desaf\u00edos comunes, fortalecer la confianza materna y facilitar el retorno al trabajo\u201d, sostuvo el especialista.<\/p>\n<p>Asimismo, afirm\u00f3 que la lactancia materna debe convertirse en una pr\u00e1ctica visible, valorada y plenamente integrada en los sistemas de salud, entornos laborales y comunidades.<br \/>\u201cM\u00e1s all\u00e1 de sus beneficios directos para la madre y el ni\u00f1o, la lactancia materna representa un pilar fundamental para el desarrollo sostenible del pa\u00eds\u201d, concluy\u00f3 Santana Monsanto.<\/p>\n<p>*SMLM*<\/p>\n<p>La Semana Mundial de la Lactancia Materna, instituida en 1992 y conmemorada en m\u00e1s de 170 pa\u00edses, busca sensibilizar sobre la importancia de esta pr\u00e1ctica no solo como un acto de nutrici\u00f3n, sino como un derecho fundamental de la infancia, clave para reducir la mortalidad infantil, fortalecer el v\u00ednculo madre-hijo y contribuir a un desarrollo m\u00e1s saludable y equitativo.<\/p>\n","protected":false},"excerpt":{"rendered":"<p>Santo Domingo. \u2013 Con motivo de conmemorase la \u201cSemana Mundial de la Lactancia Materna\u201d, del 1 al 7 de agosto, el Ministerio de Salud P\u00fablica (MSP), dio inicio a una serie de actividades orientadas a promover entornos sostenibles de apoyo a esta pr\u00e1ctica esencial para la salud materno-infantil. Estas actividades se realizan a trav\u00e9s del [&hellip;]<\/p>\n","protected":false},"author":1,"featured_media":11229,"comment_status":"closed","ping_status":"closed","sticky":false,"template":"","format":"standard","meta":{"_eb_attr":"","footnotes":""},"categories":[93],"tags":[],"_links":{"self":[{"href":"https:\/\/informedesalud.com.do\/index.php?rest_route=\/wp\/v2\/posts\/11228"}],"collection":[{"href":"https:\/\/informedesalud.com.do\/index.php?rest_route=\/wp\/v2\/posts"}],"about":[{"href":"https:\/\/informedesalud.com.do\/index.php?rest_route=\/wp\/v2\/types\/post"}],"author":[{"embeddable":true,"href":"https:\/\/informedesalud.com.do\/index.php?rest_route=\/wp\/v2\/users\/1"}],"replies":[{"embeddable":true,"href":"https:\/\/informedesalud.com.do\/index.php?rest_route=%2Fwp%2Fv2%2Fcomments&post=11228"}],"version-history":[{"count":0,"href":"https:\/\/informedesalud.com.do\/index.php?rest_route=\/wp\/v2\/posts\/11228\/revisions"}],"wp:featuredmedia":[{"embeddable":true,"href":"https:\/\/informedesalud.com.do\/index.php?rest_route=\/wp\/v2\/media\/11229"}],"wp:attachment":[{"href":"https:\/\/informedesalud.com.do\/index.php?rest_route=%2Fwp%2Fv2%2Fmedia&parent=11228"}],"wp:term":[{"taxonomy":"category","embeddable":true,"href":"https:\/\/informedesalud.com.do\/index.php?rest_route=%2Fwp%2Fv2%2Fcategories&post=11228"},{"taxonomy":"post_tag","embeddable":true,"href":"https:\/\/informedesalud.com.do\/index.php?rest_route=%2Fwp%2Fv2%2Ftags&post=11228"}],"curies":[{"name":"wp","href":"https:\/\/api.w.org\/{rel}","templated":true}]}}