{"id":11218,"date":"2025-08-01T13:41:53","date_gmt":"2025-08-01T11:41:53","guid":{"rendered":"https:\/\/laconsultamedica.com.do\/?p=28711"},"modified":"2025-08-01T13:41:53","modified_gmt":"2025-08-01T11:41:53","slug":"los-senadores-convierten-en-ley-el-codigo-penal","status":"publish","type":"post","link":"https:\/\/informedesalud.com.do\/?p=11218","title":{"rendered":"Los senadores convierten en ley el C\u00f3digo Penal"},"content":{"rendered":"<div><img decoding=\"async\" src=\"https:\/\/laconsultamedica.com.do\/wp-content\/uploads\/2025\/08\/ricardo-de-los-santos-3829208f-focus-0.24-0.17-375-240-1.jpg\" class=\"ff-og-image-inserted\"><\/div>\n<p>Sin tiempo para m\u00e1s ajustes, el Senado acogi\u00f3 el informe y las observaciones de los diputados y convirti\u00f3 en ley la tarde de ayer el proyecto que modifica el \u00abanacr\u00f3nico\u00bb y \u00abnapole\u00f3nico\u00bb C\u00f3digo Penal, cuya vigencia de 141 a\u00f1os podr\u00eda extinguirse.<\/p>\n<p>Esto depende de si el presidente Luis Abinader proclama el nuevo CP en los pr\u00f3ximos d\u00edas. <\/p>\n<p>La ahora llamada Ley Org\u00e1nica que instituye el C\u00f3digo Penal de la Rep\u00fablica Dominicana, de 393 art\u00edculos \u2014numerada con la iniciativa 00437 \u2014 recibi\u00f3 26 votos a favor y uno en contra, aplicado por Antonio Taveras (PRM-Santo Domingo), quien dijo desconocer los cambios aplicados por los diputados. <\/p>\n<p>Aunque ten\u00edan intenciones de seguir las transformaciones, la funci\u00f3n de los senadores era solo validar las m\u00e1s de 164 observaciones de los diputados. De aplicar m\u00e1s cambios, era solo para reiterar los realizados el 21 de julio, cuando lo aprobaron en segunda lectura. <\/p>\n","protected":false},"excerpt":{"rendered":"<p>Sin tiempo para m\u00e1s ajustes, el Senado acogi\u00f3 el informe y las observaciones de los diputados y convirti\u00f3 en ley la tarde de ayer el proyecto que modifica el \u00abanacr\u00f3nico\u00bb y \u00abnapole\u00f3nico\u00bb C\u00f3digo Penal, cuya vigencia de 141 a\u00f1os podr\u00eda extinguirse. Esto depende de si el presidente Luis Abinader proclama el nuevo CP en los [&hellip;]<\/p>\n","protected":false},"author":1,"featured_media":11219,"comment_status":"closed","ping_status":"closed","sticky":false,"template":"","format":"standard","meta":{"_eb_attr":"","footnotes":""},"categories":[36],"tags":[],"_links":{"self":[{"href":"https:\/\/informedesalud.com.do\/index.php?rest_route=\/wp\/v2\/posts\/11218"}],"collection":[{"href":"https:\/\/informedesalud.com.do\/index.php?rest_route=\/wp\/v2\/posts"}],"about":[{"href":"https:\/\/informedesalud.com.do\/index.php?rest_route=\/wp\/v2\/types\/post"}],"author":[{"embeddable":true,"href":"https:\/\/informedesalud.com.do\/index.php?rest_route=\/wp\/v2\/users\/1"}],"replies":[{"embeddable":true,"href":"https:\/\/informedesalud.com.do\/index.php?rest_route=%2Fwp%2Fv2%2Fcomments&post=11218"}],"version-history":[{"count":0,"href":"https:\/\/informedesalud.com.do\/index.php?rest_route=\/wp\/v2\/posts\/11218\/revisions"}],"wp:featuredmedia":[{"embeddable":true,"href":"https:\/\/informedesalud.com.do\/index.php?rest_route=\/wp\/v2\/media\/11219"}],"wp:attachment":[{"href":"https:\/\/informedesalud.com.do\/index.php?rest_route=%2Fwp%2Fv2%2Fmedia&parent=11218"}],"wp:term":[{"taxonomy":"category","embeddable":true,"href":"https:\/\/informedesalud.com.do\/index.php?rest_route=%2Fwp%2Fv2%2Fcategories&post=11218"},{"taxonomy":"post_tag","embeddable":true,"href":"https:\/\/informedesalud.com.do\/index.php?rest_route=%2Fwp%2Fv2%2Ftags&post=11218"}],"curies":[{"name":"wp","href":"https:\/\/api.w.org\/{rel}","templated":true}]}}