{"id":11216,"date":"2025-08-01T13:43:08","date_gmt":"2025-08-01T11:43:08","guid":{"rendered":"https:\/\/laconsultamedica.com.do\/?p=28703"},"modified":"2025-08-01T13:43:08","modified_gmt":"2025-08-01T11:43:08","slug":"ministerio-de-salud-destaca-importancia-de-la-lactancia-materna-en-el-desarrollo-de-los-infantes","status":"publish","type":"post","link":"https:\/\/informedesalud.com.do\/?p=11216","title":{"rendered":"Ministerio de Salud destaca importancia de la lactancia materna en el desarrollo de los infantes"},"content":{"rendered":"<div><img decoding=\"async\" src=\"https:\/\/laconsultamedica.com.do\/wp-content\/uploads\/2025\/08\/image_editor_output_image974046992-1754048076844.png\" class=\"ff-og-image-inserted\"><\/div>\n<p>Santo Domingo. \u2013 El Ministerio de Salud, trav\u00e9s del bolet\u00edn epidemiol\u00f3gico correspondiente a la semana 29, destaca la importancia de la lactancia materna como la forma de alimentaci\u00f3n y nutrici\u00f3n ideal para el crecimiento y desarrollo saludable de los reci\u00e9n nacidos.<\/p>\n<p>Al conmemorase la semana mundial de la lactancia materna, del 1 al 7 de agosto, bajo el lema: \u201cPrioricemos la lactancia materna, construyendo sistemas de apoyo sostenibles\u201d, el organismo de salud precisa que esta pr\u00e1ctica refuerza el compromiso con la salud infantil y materna.<\/p>\n<p>En Rep\u00fablica Dominicana funcionan alrededor de 193 salas de lactancia materna, creadas con el prop\u00f3sito de promover y facilitar esta pr\u00e1ctica esencial, ofreciendo a las madres y sus beb\u00e9s espacios adecuados, seguros y dignos que favorezcan la alimentaci\u00f3n.<\/p>\n<p>Organismos internacionales como la Organizaci\u00f3n Mundial de la Salud (OMS) y la Organizaci\u00f3n Panamericana de la Salud (OPS), as\u00ed como la Ley 8-95 de la Rep\u00fablica Dominicana, destacan que la lactancia debe ser exclusiva durante los primeros seis meses de vida y complementada con otros alimentos hasta por lo menos los dos a\u00f1os.<\/p>\n<p>Desde el Ministerio de Salud se exhorta a todos los sectores de la sociedad a fortalecer los entornos que permitan a las madres poder amamantar de forma libre y segura, eliminando las barreras y reconociendo que la lactancia materna ofrece m\u00faltiples beneficios a los infantes.<\/p>\n<p>Bolet\u00edn SE-29:<\/p>\n<p>El bolet\u00edn de la Semana Epidemiol\u00f3gica SE-29 reporta que no se registraron casos de c\u00f3lera y leptospirosis durante esta semana. De dengue se report\u00f3 un caso y el acumulado asciende a 154 casos confirmados, lo que muestra una tendencia a la baja en comparaci\u00f3n con la misma fecha del a\u00f1o 2024 donde se reportaron 26.<\/p>\n<p>De malaria se reportaron siete casos. En lo que va de a\u00f1o, desde la semana epidemiol\u00f3gica 1 hasta la 29, el Sistema Nacional de Vigilancia Epidemiol\u00f3gica (SINAVE), ha notificado un total de 649 casos en el pa\u00eds. El 69.1 % de los casos confirmados corresponde al sexo masculino. Los focos activos de transmisi\u00f3n se concentran en las provincias de San Juan (267 casos) y Azua (339 casos).<\/p>\n<p>Durante la SE 29 se notificaron 22 casos de COVID-19, distribuidos principalmente en el Distrito Nacional con 13 casos, Espaillait 2, Duarte 1, La Vega 1, Peravia 2, San Crist\u00f3bal 1, San Pedro de Macor\u00eds 1 y Santo Domingo 1. La positividad acumulada en las \u00faltimas cuatro semanas es del 8%.<\/p>\n<p>Muertes maternas e infantiles<\/p>\n<p>El bolet\u00edn report\u00f3 25 muertes infantiles durante esta semana epidemiol\u00f3gica, elevando el acumulado a 970 decesos, el a\u00f1o pasado para la misma fecha hubo 1,243 decesos, lo que refleja una disminuci\u00f3n.<\/p>\n<p>Se notificaron 2 muertes maternas, correspondientes a dos mujeres, una de nacionalidad haitiana y una dominicana. El acumulado es de 91 decesos, lo que refleja una disminuci\u00f3n del 12% comparaci\u00f3n con 2024 donde se reportaron 103.<\/p>\n<p>Para reducir la mortalidad maternoinfantil, el Ministerio de Salud en coordinaci\u00f3n con el Servicio Nacional de Salud (SNS) han trazado diversas estrategias como la mejora en la atenci\u00f3n prenatal y postnatal, fortalecimiento de los servicios obst\u00e9tricos y neonatales, as\u00ed como la capacitaci\u00f3n continua del personal de salud.<\/p>\n","protected":false},"excerpt":{"rendered":"<p>Santo Domingo. \u2013 El Ministerio de Salud, trav\u00e9s del bolet\u00edn epidemiol\u00f3gico correspondiente a la semana 29, destaca la importancia de la lactancia materna como la forma de alimentaci\u00f3n y nutrici\u00f3n ideal para el crecimiento y desarrollo saludable de los reci\u00e9n nacidos. Al conmemorase la semana mundial de la lactancia materna, del 1 al 7 de [&hellip;]<\/p>\n","protected":false},"author":1,"featured_media":11217,"comment_status":"closed","ping_status":"closed","sticky":false,"template":"","format":"standard","meta":{"_eb_attr":"","footnotes":""},"categories":[93],"tags":[],"_links":{"self":[{"href":"https:\/\/informedesalud.com.do\/index.php?rest_route=\/wp\/v2\/posts\/11216"}],"collection":[{"href":"https:\/\/informedesalud.com.do\/index.php?rest_route=\/wp\/v2\/posts"}],"about":[{"href":"https:\/\/informedesalud.com.do\/index.php?rest_route=\/wp\/v2\/types\/post"}],"author":[{"embeddable":true,"href":"https:\/\/informedesalud.com.do\/index.php?rest_route=\/wp\/v2\/users\/1"}],"replies":[{"embeddable":true,"href":"https:\/\/informedesalud.com.do\/index.php?rest_route=%2Fwp%2Fv2%2Fcomments&post=11216"}],"version-history":[{"count":0,"href":"https:\/\/informedesalud.com.do\/index.php?rest_route=\/wp\/v2\/posts\/11216\/revisions"}],"wp:featuredmedia":[{"embeddable":true,"href":"https:\/\/informedesalud.com.do\/index.php?rest_route=\/wp\/v2\/media\/11217"}],"wp:attachment":[{"href":"https:\/\/informedesalud.com.do\/index.php?rest_route=%2Fwp%2Fv2%2Fmedia&parent=11216"}],"wp:term":[{"taxonomy":"category","embeddable":true,"href":"https:\/\/informedesalud.com.do\/index.php?rest_route=%2Fwp%2Fv2%2Fcategories&post=11216"},{"taxonomy":"post_tag","embeddable":true,"href":"https:\/\/informedesalud.com.do\/index.php?rest_route=%2Fwp%2Fv2%2Ftags&post=11216"}],"curies":[{"name":"wp","href":"https:\/\/api.w.org\/{rel}","templated":true}]}}