{"id":11114,"date":"2025-07-26T13:13:26","date_gmt":"2025-07-26T11:13:26","guid":{"rendered":"https:\/\/laconsultamedica.com.do\/?p=28473"},"modified":"2025-07-26T13:13:26","modified_gmt":"2025-07-26T11:13:26","slug":"raquel-pena-y-victor-atallah-encabezan-jornada-mas-salud-en-beneficio-de-comunidades-de-santiago","status":"publish","type":"post","link":"https:\/\/informedesalud.com.do\/?p=11114","title":{"rendered":"Raquel Pe\u00f1a y V\u00edctor Atallah encabezan jornada \u201cM\u00e1s Salud\u201d en beneficio de comunidades de Santiago"},"content":{"rendered":"<div><img decoding=\"async\" src=\"https:\/\/laconsultamedica.com.do\/wp-content\/uploads\/2025\/07\/image_editor_output_image923258392-1753528447367.jpg\" class=\"ff-og-image-inserted\"><\/div>\n<p>SANTIAGO. -El Distrito Municipal de Hato del Yaque, provincia Santiago, recibi\u00f3 este viernes la jornada \u201cM\u00e1s Salud\u201d, una iniciativa que lleva atenci\u00f3n m\u00e9dica gratuita y servicios preventivos a cientos de familias a todas las provincias. La actividad estuvo encabezada por la vicepresidenta de la Rep\u00fablica, Raquel Pe\u00f1a, y el ministro de Salud, V\u00edctor Atallah.<\/p>\n<p>Esta ya es la sexta provincia en la que se desarrolla el programa gubernamental dise\u00f1ado y ejecutado por el Ministerio de Salud, incidiendo en las comunidades m\u00e1s vulnerables.<\/p>\n<p>Durante la ceremonia de apertura, la vicepresidenta de la Rep\u00fablica precis\u00f3 que est\u00e1 jornada m\u00e9dica es \u201cuna muestra concreta de lo que significa gobernar con empat\u00eda y con responsabilidad\u201d.<\/p>\n<p>Raquel Pe\u00f1a explic\u00f3 que la iniciativa forma parte de las metas priorizadas por el gobierno del presidente Luis Abinader a trav\u00e9s del Ministerio de Salud, con el compromiso de que cada dominicano tenga acceso a servicios esenciales como la prevenci\u00f3n, el diagn\u00f3stico temprano y el acompa\u00f1amiento en el tratamiento de enfermedades.<\/p>\n<p>En tanto, el ministro Atallah, destac\u00f3 que para el Ministerio de Salud la prevenci\u00f3n y la educaci\u00f3n constituyen pilares fundamentales de su labor, subrayando que no se trata de acciones complementarias, sino de una responsabilidad central dentro de la misi\u00f3n institucional para garantizar el bienestar de la poblaci\u00f3n.<\/p>\n<p>Indic\u00f3 que las intervenciones educativas representan un componente estrat\u00e9gico en las acciones para garantizar y fortalecer la capacidad de la ciudadan\u00eda de adoptar decisiones conscientes, pr\u00e1cticas y sostenibles que impactan positivamente en su salud y calidad de vida.<\/p>\n<p>\u00abQue estemos hoy aqu\u00ed, en Santiago, no es casualidad. Esta provincia representa uno de los ejes econ\u00f3micos, culturales y sociales m\u00e1s relevantes del pa\u00eds. Combina dinamismo urbano con comunidades rurales que necesitan y merecen el mismo nivel de atenci\u00f3n. Su vocaci\u00f3n de organizaci\u00f3n comunitaria y colaboraci\u00f3n interinstitucional ha sido clave para el \u00e9xito de esta jornada. Aqu\u00ed, M\u00e1s Salud encontr\u00f3 terreno f\u00e9rtil.<\/p>\n<p>M\u00e1s Salud en n\u00fameros<\/p>\n<p>A la fecha, la jornada ha logrado impactar directamente a m\u00e1s de 23,000 personas en cinco provincias del pa\u00eds: Duarte, San Juan, La Altagracia, Santo Domingo Este y Barahona y ha brindado 7,741 consultas m\u00e9dicas.<\/p>\n<p>Las especialidades m\u00e1s demandadas durante las jornadas fueron medicina general y cardio-metab\u00f3lica (2,184 consultas), dermatolog\u00eda (1,659) y pediatr\u00eda (1,237) lo que evidencia un patr\u00f3n epidemiol\u00f3gico marcado por el aumento de enfermedades cr\u00f3nicas no transmisibles, en particular las cardiovasculares y metab\u00f3licas, lo que refleja la necesidad de fortalecer la atenci\u00f3n primaria como eje estrat\u00e9gico del sistema de salud.<\/p>\n<p>A esto se suman 1,284 pruebas diagn\u00f3sticas realizadas, incluyendo (358) electrocardiogramas, (328) mamograf\u00edas, (349) sonograf\u00edas y (249) sonomamograf\u00edas. Aproximadamente, el 53% de estas pruebas se enfocaron en \u00e1reas vinculadas a enfermedades cr\u00f3nicas, reflejando un enfoque certero en la prevenci\u00f3n y detecci\u00f3n temprana de enfermedades.<\/p>\n<p>Servicios y actividades<\/p>\n<p>Desde tempranas horas de la ma\u00f1ana, comunidades de distintos sectores de Santiago acudieron al operativo que se realiz\u00f3 el Liceo Madre Teresa de Calcuta Fe y Alegr\u00eda, ubicado en el Distrito Municipal de Hato del Yaque, donde se ofrecieron consultas m\u00e9dicas en diversas especialidades, vacunaci\u00f3n, entrega de medicamentos, evaluaci\u00f3n nutricional, entre otros servicios esenciales.<\/p>\n<p>Con esta jornada el Ministerio de Salud busca acercar los servicios de salud a las comunidades m\u00e1s vulnerables, la cual se implementar\u00e1 en todo el territorio nacional.<\/p>\n<p>La poblaci\u00f3n recibi\u00f3 atenciones gratuitas en m\u00faltiples especialidades m\u00e9dicas, entre ellas pediatr\u00eda, ginecolog\u00eda, medicina general, oftalmolog\u00eda, dermatolog\u00eda, odontolog\u00eda, cardiolog\u00eda y salud mental. Adem\u00e1s, se realizaron ex\u00e1menes de pr\u00f3stata y pruebas de ant\u00edgeno prost\u00e1tico (PSA).<\/p>\n<p>Los asistentes tambi\u00e9n pudieron acceder a diversos servicios cl\u00ednicos y complementarios, como tipificaci\u00f3n sangu\u00ednea, programa de donaci\u00f3n de sangre, electrocardiogramas, mamograf\u00edas, sonomamograf\u00edas, sonograf\u00edas, pruebas de laboratorio, carnetizaci\u00f3n con el Seguro Nacional de Salud (SENASA), vacunaci\u00f3n para animales (perros y gatos) y entrega gratuita de medicamentos.<\/p>\n<p>La jornada incluy\u00f3 espacios formativos y de promoci\u00f3n de la salud, con charlas educativas, demostraciones de cocina saludable, actividades interactivas con adultos mayores, encuentros orientados a embarazadas y capacitaciones en primeros auxilios, fortaleciendo as\u00ed un enfoque comunitario e integral de bienestar.<\/p>\n<p>En el acto tambi\u00e9n participaron la gobernadora provincial de Santiago, Rosa Santos; el senador de Santiago, Daniel Rivera; y el alcalde municipal de Hato del Yaque, Ferm\u00edn Noes\u00ed.<\/p>\n","protected":false},"excerpt":{"rendered":"<p>SANTIAGO. -El Distrito Municipal de Hato del Yaque, provincia Santiago, recibi\u00f3 este viernes la jornada \u201cM\u00e1s Salud\u201d, una iniciativa que lleva atenci\u00f3n m\u00e9dica gratuita y servicios preventivos a cientos de familias a todas las provincias. La actividad estuvo encabezada por la vicepresidenta de la Rep\u00fablica, Raquel Pe\u00f1a, y el ministro de Salud, V\u00edctor Atallah. Esta [&hellip;]<\/p>\n","protected":false},"author":1,"featured_media":11115,"comment_status":"closed","ping_status":"closed","sticky":false,"template":"","format":"standard","meta":{"_eb_attr":"","footnotes":""},"categories":[93],"tags":[],"_links":{"self":[{"href":"https:\/\/informedesalud.com.do\/index.php?rest_route=\/wp\/v2\/posts\/11114"}],"collection":[{"href":"https:\/\/informedesalud.com.do\/index.php?rest_route=\/wp\/v2\/posts"}],"about":[{"href":"https:\/\/informedesalud.com.do\/index.php?rest_route=\/wp\/v2\/types\/post"}],"author":[{"embeddable":true,"href":"https:\/\/informedesalud.com.do\/index.php?rest_route=\/wp\/v2\/users\/1"}],"replies":[{"embeddable":true,"href":"https:\/\/informedesalud.com.do\/index.php?rest_route=%2Fwp%2Fv2%2Fcomments&post=11114"}],"version-history":[{"count":0,"href":"https:\/\/informedesalud.com.do\/index.php?rest_route=\/wp\/v2\/posts\/11114\/revisions"}],"wp:featuredmedia":[{"embeddable":true,"href":"https:\/\/informedesalud.com.do\/index.php?rest_route=\/wp\/v2\/media\/11115"}],"wp:attachment":[{"href":"https:\/\/informedesalud.com.do\/index.php?rest_route=%2Fwp%2Fv2%2Fmedia&parent=11114"}],"wp:term":[{"taxonomy":"category","embeddable":true,"href":"https:\/\/informedesalud.com.do\/index.php?rest_route=%2Fwp%2Fv2%2Fcategories&post=11114"},{"taxonomy":"post_tag","embeddable":true,"href":"https:\/\/informedesalud.com.do\/index.php?rest_route=%2Fwp%2Fv2%2Ftags&post=11114"}],"curies":[{"name":"wp","href":"https:\/\/api.w.org\/{rel}","templated":true}]}}