{"id":11112,"date":"2025-07-26T13:16:40","date_gmt":"2025-07-26T11:16:40","guid":{"rendered":"https:\/\/laconsultamedica.com.do\/?p=28476"},"modified":"2025-07-26T13:16:40","modified_gmt":"2025-07-26T11:16:40","slug":"instituciones-acuerdan-implementar-justicia-terapeutica-y-de-reinsercion-social","status":"publish","type":"post","link":"https:\/\/informedesalud.com.do\/?p=11112","title":{"rendered":"Instituciones acuerdan implementar justicia terap\u00e9utica y de reinserci\u00f3n social"},"content":{"rendered":"<div><img decoding=\"async\" src=\"https:\/\/laconsultamedica.com.do\/wp-content\/uploads\/2025\/07\/Imagen-de-WhatsApp-2025-07-25-a-las-09.12.34_135d8f04-770x540-1.jpg\" class=\"ff-og-image-inserted\"><\/div>\n<p>El Consejo del Poder Judicial (CPJ), el Ministerio P\u00fablico, el Ministerio de Salud P\u00fablica (MSP), el Consejo Nacional de Drogas (CND), el Servicio Nacional de Salud (SNS), la Oficina Nacional de Defensa P\u00fablica (ONDP) y el Centro de Orientaci\u00f3n e Investigaci\u00f3n Integral (COIN) firmaron este jueves un acuerdo de cooperaci\u00f3n interinstitucional para la implementaci\u00f3n del Programa de Tratamiento bajo Supervisi\u00f3n Judicial (TSJ).<\/p>\n<p>El acto de firma del acuerdo estuvo presidido por el juez presidente de la Suprema Corte de Justicia (SCJ), Henry Molina. Al promover la rehabilitaci\u00f3n y reinserci\u00f3n social, las entidades buscan unir voluntades con el objetivo de ofrecer un enfoque integral basado en justicia terap\u00e9utica cuando se trata de personas diagnosticadas con uso problem\u00e1tico de drogas.<\/p>\n<p>La firma del documento estuvo a cargo del director general de Administraci\u00f3n y Carrera Judicial, Jhonattan Toribio Fr\u00edas, en representaci\u00f3n del Consejo del Poder Judicial; la procuradora general de la Rep\u00fablica, Yeni Berenice Reynoso; el ministro de Salud P\u00fablica, V\u00edctor Atallah Lajam; el presidente del Consejo Nacional de Drogas, Alejandro De Jes\u00fas Abreu; el director ejecutivo del Servicio Nacional de Salud, Mario Lama Olivero; el director de la Oficina Nacional de Defensa P\u00fablica, Rodolfo Valent\u00edn Santos; y el director ejecutivo del Centro de Orientaci\u00f3n e Investigaci\u00f3n Integral, Santo Rosario Ram\u00edrez.<br \/>Al dirigirse a los presentes, Henry Molina sostuvo que el acuerdo expresa un compromiso colectivo con la dignidad de las personas, con la rehabilitaci\u00f3n sobre la exclusi\u00f3n y con la justicia que escucha, acompa\u00f1a y transforma.<\/p>\n<p>\u201cPorque sabemos que detr\u00e1s de cada caso hay una historia, y que muchas veces, la respuesta m\u00e1s justa no es la c\u00e1rcel, sino la intervenci\u00f3n temprana, el tratamiento y el acompa\u00f1amiento bajo supervisi\u00f3n judicial\u201d, indic\u00f3.<\/p>\n<p>En ese sentido, sostuvo que las personas con consumo problem\u00e1tico de sustancias no son criminales, sino seres humanos atravesados por el dolor, la exclusi\u00f3n y la ausencia de oportunidades.<\/p>\n<p>De su lado, la magistrada Yeni Berenice destac\u00f3 la importancia del acuerdo para muchos j\u00f3venes que demandan atenci\u00f3n de salud y para un sistema de justicia cuyo fin siempre ser\u00e1, como lo establece la Constituci\u00f3n, el de reinsertar al individuo a la sociedad.<\/p>\n<p>Valor\u00f3 el cambio de visi\u00f3n que viene experimentando el Ministerio P\u00fablico que, en la actualidad, \u201cno procesa consumo a nivel nacional\u201d. \u201cAlgunas personas dicen: \u00b4hay un caso de consumo\u00b4. No; puede que haya un caso de consumo, pero vinculado a otros delitos, a armas de fuego, a una violencia de g\u00e9nero, a otros delitos con unas connotaciones que son ya distintas\u201d, apunt\u00f3.<\/p>\n<p>Asimismo, Alejandro Abreu tild\u00f3 de complejo el tema de las drogas, del que dijo amenaza la estabilidad familiar, raz\u00f3n por la que propuso poner en marcha un plan de indicadores para medir los resultados del acuerdo, el cual, asegur\u00f3, beneficiar\u00e1 a muchas personas en su camino hacia la rehabilitaci\u00f3n social.<\/p>\n<p>El acuerdo contempla la intervenci\u00f3n de equipos profesionales de salud mental y trabajo social, con la supervisi\u00f3n de un tribunal y la participaci\u00f3n del fiscal y la defensa, garantizando el respeto a los derechos humanos y la protecci\u00f3n de las personas imputadas en delitos menores por encontrarse en situaci\u00f3n de vulnerabilidad m\u00faltiple debido al consumo problem\u00e1tico de drogas y estar sujeta a un proceso judicial.<\/p>\n<p>El convenio est\u00e1 fundamentado en el respeto de la dignidad humana y el derecho de acceso a la justicia, favoreciendo la integraci\u00f3n familiar y el bienestar social en procura de una justicia m\u00e1s inclusiva y accesible para todos y todas en el marco del primer eje del Plan Estrat\u00e9gico del Poder Judicial.<\/p>\n<p>Asimismo, garantizan que los procesos judiciales se resuelvan en el menor tiempo posible, respetando la dignidad y los derechos fundamentales de las partes involucradas, evitando la revictimizaci\u00f3n.<br \/>El Poder Judicial, a trav\u00e9s de jueces y juezas de instrucci\u00f3n y de ejecuci\u00f3n de la pena, tendr\u00e1 un rol clave en la celebraci\u00f3n de audiencias y supervisi\u00f3n del cumplimiento del tratamiento, asegurando un enfoque respetuoso de los derechos humanos y la normativa vigente.<\/p>\n<p>El acuerdo contempla la designaci\u00f3n de personal t\u00e9cnico para dar seguimiento al mismo, en un plazo de treinta d\u00edas posterior a su firma.<\/p>\n<p>Tiene como fundamento los postulados de la justicia terap\u00e9utica, entendida como el \u201cestudio de los efectos del derecho y los sistemas legales, en el comportamiento, emociones y salud mental de las personas\u201d.<\/p>\n<p>Este paso reafirma el compromiso de las instituciones de fortalecer el sistema de justicia y ofrecer alternativas humanas y efectivas para la atenci\u00f3n de personas en conflicto con la ley por la comisi\u00f3n de delitos menores y que necesitan atenci\u00f3n m\u00e9dica y psicol\u00f3gica, promoviendo una justicia m\u00e1s justa, inclusiva y digna.<\/p>\n<p>En la firma del acuerdo, que tuvo lugar en el Auditorio de la Suprema Corte de Justicia, estuvieron presentes Mar\u00eda Garabito Ram\u00edrez, Fran Soto S\u00e1nchez y Francisco Ortega, jueces del alto tribunal; y la magistrada Kenya Romero, coordinadora de los Juzgados de la Instrucci\u00f3n del Distrito Nacional; as\u00ed como jueces de otras instancias, fiscales y miembros de la comunidad jur\u00eddica.<\/p>\n<p>Adem\u00e1s, Esteban De La Torre Ribadeneira, representante de la Organizaci\u00f3n de Estados Americanos (OEA) para la Rep\u00fablica Dominicana, entre otros invitados especiales.<\/p>\n","protected":false},"excerpt":{"rendered":"<p>El Consejo del Poder Judicial (CPJ), el Ministerio P\u00fablico, el Ministerio de Salud P\u00fablica (MSP), el Consejo Nacional de Drogas (CND), el Servicio Nacional de Salud (SNS), la Oficina Nacional de Defensa P\u00fablica (ONDP) y el Centro de Orientaci\u00f3n e Investigaci\u00f3n Integral (COIN) firmaron este jueves un acuerdo de cooperaci\u00f3n interinstitucional para la implementaci\u00f3n del [&hellip;]<\/p>\n","protected":false},"author":1,"featured_media":11113,"comment_status":"closed","ping_status":"closed","sticky":false,"template":"","format":"standard","meta":{"_eb_attr":"","footnotes":""},"categories":[93],"tags":[],"_links":{"self":[{"href":"https:\/\/informedesalud.com.do\/index.php?rest_route=\/wp\/v2\/posts\/11112"}],"collection":[{"href":"https:\/\/informedesalud.com.do\/index.php?rest_route=\/wp\/v2\/posts"}],"about":[{"href":"https:\/\/informedesalud.com.do\/index.php?rest_route=\/wp\/v2\/types\/post"}],"author":[{"embeddable":true,"href":"https:\/\/informedesalud.com.do\/index.php?rest_route=\/wp\/v2\/users\/1"}],"replies":[{"embeddable":true,"href":"https:\/\/informedesalud.com.do\/index.php?rest_route=%2Fwp%2Fv2%2Fcomments&post=11112"}],"version-history":[{"count":0,"href":"https:\/\/informedesalud.com.do\/index.php?rest_route=\/wp\/v2\/posts\/11112\/revisions"}],"wp:featuredmedia":[{"embeddable":true,"href":"https:\/\/informedesalud.com.do\/index.php?rest_route=\/wp\/v2\/media\/11113"}],"wp:attachment":[{"href":"https:\/\/informedesalud.com.do\/index.php?rest_route=%2Fwp%2Fv2%2Fmedia&parent=11112"}],"wp:term":[{"taxonomy":"category","embeddable":true,"href":"https:\/\/informedesalud.com.do\/index.php?rest_route=%2Fwp%2Fv2%2Fcategories&post=11112"},{"taxonomy":"post_tag","embeddable":true,"href":"https:\/\/informedesalud.com.do\/index.php?rest_route=%2Fwp%2Fv2%2Ftags&post=11112"}],"curies":[{"name":"wp","href":"https:\/\/api.w.org\/{rel}","templated":true}]}}