{"id":10882,"date":"2025-07-03T13:05:02","date_gmt":"2025-07-03T11:05:02","guid":{"rendered":"https:\/\/laconsultamedica.com.do\/?p=27692"},"modified":"2025-07-03T13:05:02","modified_gmt":"2025-07-03T11:05:02","slug":"energia-y-minas-anuncia-primer-simposio-sobre-desafios-y-oportunidades-de-la-tecnologia-nuclear-en-rd","status":"publish","type":"post","link":"https:\/\/informedesalud.com.do\/?p=10882","title":{"rendered":"Energ\u00eda y Minas anuncia primer simposio sobre desaf\u00edos y oportunidades de la tecnolog\u00eda nuclear en RD"},"content":{"rendered":"<div><img decoding=\"async\" src=\"https:\/\/laconsultamedica.com.do\/wp-content\/uploads\/2025\/07\/image_editor_output_image-492045512-1751540710569.jpg\" class=\"ff-og-image-inserted\"><\/div>\n<p>La actividad, que se realizar\u00e1 el pr\u00f3ximo jueves 3, busca promover las aplicaciones nucleares con fines pac\u00edficos y sostenibles_<\/p>\n<p>*Santo Domingo*. \u2013 El Ministerio de Energ\u00eda y Minas (MEM), en colaboraci\u00f3n con el Organismo Internacional de Energ\u00eda At\u00f3mica (OIEA), llevar\u00e1 a cabo el \u201cPrimer simposio sobre aplicaciones de la tecnolog\u00eda nuclear en Rep\u00fablica Dominicana: avances y resultados\u201d, un evento clave para analizar los desaf\u00edos y oportunidades que presenta esta tecnolog\u00eda en el pa\u00eds.<\/p>\n<p>La actividad, organizada por el Viceministerio de Energ\u00eda Nuclear, que dirige el ingeniero el\u00e9ctrico Gaddis Corpor\u00e1n, se realizar\u00e1 el jueves 3 de este mes en el hotel Intercontinenal. Su principal objetivo es presentar los avances y resultados de los proyectos nacionales relacionados con el uso pac\u00edfico de la energ\u00eda nuclear.<\/p>\n<p>\u201cEl simposio incluir\u00e1 paneles de discusi\u00f3n, exposiciones orales y espacios de intercambio que permitir\u00e1n a expertos, reguladores, l\u00edderes institucionales y representantes del sector compartir conocimientos t\u00e9cnicos, buenas pr\u00e1cticas y lecciones aprendidas\u201d, explic\u00f3 el viceministro Gaddis Corpor\u00e1n.<\/p>\n<p>Agreg\u00f3 que el evento ser\u00e1 un espacio estrat\u00e9gico para identificar los desaf\u00edos comunes, explorar experiencias internacionales y promover enfoques innovadores que impulsen el desarrollo sostenible mediante la tecnolog\u00eda nuclear. <\/p>\n<p>En la actualidad, Rep\u00fablica Dominicana desarrolla proyectos nacionales, regionales e internacionales que aplican tecnolog\u00eda nuclear para abordar problem\u00e1ticas en \u00e1reas como la salud, la microbiolog\u00eda y el patrimonio cultural.<\/p>\n<p>Desde su adhesi\u00f3n al OIEA en 1957, el pa\u00eds ha reafirmado su compromiso con la promoci\u00f3n del uso pac\u00edfico y sostenible de la energ\u00eda nuclear. Gracias al impulso del MEM y su Viceministerio de Energ\u00eda Nuclear, se han implementado proyectos de alto impacto en colaboraci\u00f3n con Estados miembros, organismos internacionales, instituciones acad\u00e9micas y la sociedad civil.<\/p>\n<p>\u201cEstas iniciativas han aportado soluciones tecnol\u00f3gicas frente a los principales desaf\u00edos del Estado dominicano\u201d, destac\u00f3 Corpor\u00e1n.<\/p>\n","protected":false},"excerpt":{"rendered":"<p>La actividad, que se realizar\u00e1 el pr\u00f3ximo jueves 3, busca promover las aplicaciones nucleares con fines pac\u00edficos y sostenibles_ *Santo Domingo*. \u2013 El Ministerio de Energ\u00eda y Minas (MEM), en colaboraci\u00f3n con el Organismo Internacional de Energ\u00eda At\u00f3mica (OIEA), llevar\u00e1 a cabo el \u201cPrimer simposio sobre aplicaciones de la tecnolog\u00eda nuclear en Rep\u00fablica Dominicana: avances [&hellip;]<\/p>\n","protected":false},"author":1,"featured_media":10883,"comment_status":"closed","ping_status":"closed","sticky":false,"template":"","format":"standard","meta":{"_eb_attr":"","footnotes":""},"categories":[36],"tags":[],"_links":{"self":[{"href":"https:\/\/informedesalud.com.do\/index.php?rest_route=\/wp\/v2\/posts\/10882"}],"collection":[{"href":"https:\/\/informedesalud.com.do\/index.php?rest_route=\/wp\/v2\/posts"}],"about":[{"href":"https:\/\/informedesalud.com.do\/index.php?rest_route=\/wp\/v2\/types\/post"}],"author":[{"embeddable":true,"href":"https:\/\/informedesalud.com.do\/index.php?rest_route=\/wp\/v2\/users\/1"}],"replies":[{"embeddable":true,"href":"https:\/\/informedesalud.com.do\/index.php?rest_route=%2Fwp%2Fv2%2Fcomments&post=10882"}],"version-history":[{"count":0,"href":"https:\/\/informedesalud.com.do\/index.php?rest_route=\/wp\/v2\/posts\/10882\/revisions"}],"wp:featuredmedia":[{"embeddable":true,"href":"https:\/\/informedesalud.com.do\/index.php?rest_route=\/wp\/v2\/media\/10883"}],"wp:attachment":[{"href":"https:\/\/informedesalud.com.do\/index.php?rest_route=%2Fwp%2Fv2%2Fmedia&parent=10882"}],"wp:term":[{"taxonomy":"category","embeddable":true,"href":"https:\/\/informedesalud.com.do\/index.php?rest_route=%2Fwp%2Fv2%2Fcategories&post=10882"},{"taxonomy":"post_tag","embeddable":true,"href":"https:\/\/informedesalud.com.do\/index.php?rest_route=%2Fwp%2Fv2%2Ftags&post=10882"}],"curies":[{"name":"wp","href":"https:\/\/api.w.org\/{rel}","templated":true}]}}