{"id":10880,"date":"2025-07-03T13:06:20","date_gmt":"2025-07-03T11:06:20","guid":{"rendered":"https:\/\/laconsultamedica.com.do\/?p=27695"},"modified":"2025-07-03T13:06:20","modified_gmt":"2025-07-03T11:06:20","slug":"parques-solares-payita-1-y-2-aportaran-100-mw-al-sistema-electrico-nacional","status":"publish","type":"post","link":"https:\/\/informedesalud.com.do\/?p=10880","title":{"rendered":"Parques solares Payita 1 y 2 aportar\u00e1n 100 MW al sistema el\u00e9ctrico nacional"},"content":{"rendered":"<div><img decoding=\"async\" src=\"https:\/\/laconsultamedica.com.do\/wp-content\/uploads\/2025\/07\/IMG-20250703-WA0002-scaled.jpg\" class=\"ff-og-image-inserted\"><\/div>\n<p>Ministro Joel Santos resalta uso de bater\u00edas como parte clave de la transici\u00f3n energ\u00e9tica_ <\/p>\n<p>*Nagua, Mar\u00eda Trinidad S\u00e1nchez.* \u2013 El ministro de Energ\u00eda y Minas, Joel Santos, encabez\u00f3 este martes un recorrido por los parques solares Payita 1 y Payita 2, desarrollados por la empresa espa\u00f1ola Ecoener, donde destac\u00f3 el papel de estos proyectos en el impulso hacia una matriz energ\u00e9tica m\u00e1s limpia, moderna y resiliente. <\/p>\n<p>Con una capacidad conjunta de 100 megavatios (MW), ambas plantas est\u00e1n ubicadas en el distrito municipal Las Gordas, en la provincia Mar\u00eda Trinidad S\u00e1nchez. Se estima que aportar\u00e1n al sistema el\u00e9ctrico nacional unos 229 gigavatios hora (GWh) de energ\u00eda renovable al a\u00f1o. <\/p>\n<p>Payita 1, que cuenta con una potencia nominal de 50 MW (60.93 MW pico), tiene previsto iniciar operaciones comerciales en septiembre de este a\u00f1o. En tanto, Payita 2, de igual capacidad, se encuentra en fase avanzada de construcci\u00f3n e integrar\u00e1 un sistema de almacenamiento con bater\u00edas (BESS) de 15 MW por cuatro horas, lo que permitir\u00e1 inyectar energ\u00eda durante las horas de mayor demanda del sistema. <\/p>\n<p>\u201cEl almacenamiento es clave para lograr una mayor integraci\u00f3n de fuentes renovables al sistema. Nos permite flexibilizar la operaci\u00f3n, manejar la intermitencia y asegurar el suministro cuando m\u00e1s se necesita\u201d, destac\u00f3 el ministro Santos, al valorar la apuesta de Ecoener por incorporar esta tecnolog\u00eda. <\/p>\n<p>Durante la actividad, se realiz\u00f3 un recorrido t\u00e9cnico por las instalaciones de ambos parques, donde las autoridades pudieron conocer los avances de obra, la tecnolog\u00eda empleada y los componentes del sistema de almacenamiento energ\u00e9tico. <\/p>\n<p>Por parte de Ecoener participaron Fernando Rodr\u00edguez Alfonso, vicepresidente ejecutivo de la compa\u00f1\u00eda, y Carlos Gonz\u00e1lez, country manager de Ecoener en Rep\u00fablica Dominicana. Ambos resaltaron que la decisi\u00f3n de invertir en el pa\u00eds responde a la seguridad jur\u00eddica y al marco regulatorio favorable que ofrece el entorno dominicano para el desarrollo de proyectos de energ\u00eda renovable. <\/p>\n<p>Seg\u00fan datos de la empresa, ambos parques permitir\u00e1n abastecer a m\u00e1s de 95,000 hogares y evitar\u00e1n la emisi\u00f3n de unas 146,000 toneladas de di\u00f3xido de carbono (CO\u2082) al a\u00f1o, adem\u00e1s de sustituir el uso de aproximadamente 140,000 barriles de petr\u00f3leo. <\/p>\n<p>Con una inversi\u00f3n superior a los 165 millones de d\u00f3lares, los proyectos han generado alrededor de 750 empleos indirectos, principalmente en comunidades como Payita, Las Gordas, Los Placeres y Copeyito. <\/p>\n<p>Asimismo, Ecoener ha desarrollado un plan de responsabilidad social que incluye la instalaci\u00f3n de luminarias solares para mejorar la seguridad comunitaria, la reparaci\u00f3n de caminos vecinales, jornadas de salud y actividades educativas para mujeres y ni\u00f1as, en coordinaci\u00f3n con el Ministerio de la Mujer. <\/p>\n<p>Durante la visita, el ministro Santos estuvo acompa\u00f1ado por autoridades del sector energ\u00e9tico, entre ellas Betty Soto Vi\u00f1as, viceministra de Innovaci\u00f3n y Transici\u00f3n Energ\u00e9tica; Alfonso Rodr\u00edguez, viceministro de Energ\u00eda, y Andr\u00e9s Astacio, superintendente de Electricidad. <\/p>\n<p>Tambi\u00e9n Aura Caraballo y Sergio Grull\u00f3n, miembros del Consejo Administrativo de la Superintendencia de Electricidad; Edward Veras, director ejecutivo de la Comisi\u00f3n Nacional de Energ\u00eda (CNE); Fernando Peignand, director de Ingenier\u00eda de la Empresa de Transmisi\u00f3n El\u00e9ctrica Dominicana (ETED); y H\u00e9ctor Fern\u00e1ndez, gerente de Ingenier\u00eda y Proyectos de la ETED. <\/p>\n<p>Santos reafirm\u00f3 que la inversi\u00f3n extranjera sigue siendo un pilar del desarrollo del sector el\u00e9ctrico dominicano, y asegur\u00f3 que el pa\u00eds contin\u00faa siendo un destino confiable y atractivo para proyectos energ\u00e9ticos sostenibles, en l\u00ednea con la visi\u00f3n del Gobierno del presidente Luis Abinader. <\/p>\n<p>*PIES DE FOTO* <\/p>\n<p>Foto 1\u2026 El ministro destac\u00f3 la importancia de los proyectos,, y afirm\u00f3 que el almacenamiento es clave para lograr una mayor integraci\u00f3n de fuentes renovables al sistema. <\/p>\n<p>Foto 2\u2026 Durante Betty Soto Vi\u00f1as, viceministra de Innovaci\u00f3n y Transici\u00f3n Energ\u00e9tica; Alfonso Rodr\u00edguez, viceministro de Energ\u00eda, y Andr\u00e9s Astacio, superintendente de Electricidad, Edward Veras, de la Comisi\u00f3n Nacional de Energ\u00eda. <\/p>\n<p>Foto 3\u2026 Ambos parques permitir\u00e1n abastecer a m\u00e1s de 95,000 hogares y evitar\u00e1n la emisi\u00f3n de unas 146,000 toneladas de di\u00f3xido de carbono. <\/p>\n<p>Foto 4\u2026 Los proyectos tienen una inversi\u00f3n superior a los 165 millones de d\u00f3lares, y generar\u00e1n alrededor de 750 empleos indirectos, principalmente en comunidades como Payita, Las Gordas, Los Placeres y Copeyito. <\/p>\n","protected":false},"excerpt":{"rendered":"<p>Ministro Joel Santos resalta uso de bater\u00edas como parte clave de la transici\u00f3n energ\u00e9tica_ *Nagua, Mar\u00eda Trinidad S\u00e1nchez.* \u2013 El ministro de Energ\u00eda y Minas, Joel Santos, encabez\u00f3 este martes un recorrido por los parques solares Payita 1 y Payita 2, desarrollados por la empresa espa\u00f1ola Ecoener, donde destac\u00f3 el papel de estos proyectos en [&hellip;]<\/p>\n","protected":false},"author":1,"featured_media":10881,"comment_status":"closed","ping_status":"closed","sticky":false,"template":"","format":"standard","meta":{"_eb_attr":"","footnotes":""},"categories":[36],"tags":[],"_links":{"self":[{"href":"https:\/\/informedesalud.com.do\/index.php?rest_route=\/wp\/v2\/posts\/10880"}],"collection":[{"href":"https:\/\/informedesalud.com.do\/index.php?rest_route=\/wp\/v2\/posts"}],"about":[{"href":"https:\/\/informedesalud.com.do\/index.php?rest_route=\/wp\/v2\/types\/post"}],"author":[{"embeddable":true,"href":"https:\/\/informedesalud.com.do\/index.php?rest_route=\/wp\/v2\/users\/1"}],"replies":[{"embeddable":true,"href":"https:\/\/informedesalud.com.do\/index.php?rest_route=%2Fwp%2Fv2%2Fcomments&post=10880"}],"version-history":[{"count":0,"href":"https:\/\/informedesalud.com.do\/index.php?rest_route=\/wp\/v2\/posts\/10880\/revisions"}],"wp:featuredmedia":[{"embeddable":true,"href":"https:\/\/informedesalud.com.do\/index.php?rest_route=\/wp\/v2\/media\/10881"}],"wp:attachment":[{"href":"https:\/\/informedesalud.com.do\/index.php?rest_route=%2Fwp%2Fv2%2Fmedia&parent=10880"}],"wp:term":[{"taxonomy":"category","embeddable":true,"href":"https:\/\/informedesalud.com.do\/index.php?rest_route=%2Fwp%2Fv2%2Fcategories&post=10880"},{"taxonomy":"post_tag","embeddable":true,"href":"https:\/\/informedesalud.com.do\/index.php?rest_route=%2Fwp%2Fv2%2Ftags&post=10880"}],"curies":[{"name":"wp","href":"https:\/\/api.w.org\/{rel}","templated":true}]}}