{"id":10808,"date":"2025-06-26T11:04:17","date_gmt":"2025-06-26T09:04:17","guid":{"rendered":"https:\/\/laconsultamedica.com.do\/?p=27472"},"modified":"2025-06-26T11:04:17","modified_gmt":"2025-06-26T09:04:17","slug":"ligia-bonetti-recibe-el-galardon-empresaria-del-ano-durante-la-tercera-edicion-del-premio-mujer-de-hoy","status":"publish","type":"post","link":"https:\/\/informedesalud.com.do\/?p=10808","title":{"rendered":"Ligia Bonetti recibe el galard\u00f3n \u201cEmpresaria del A\u00f1o\u201d durante la tercera edici\u00f3n del Premio Mujer de Hoy"},"content":{"rendered":"<p>GALA Media Group organiz\u00f3 la jornada que tambi\u00e9n incluy\u00f3 reconocimientos a mujeres destacadas y un foro sobre liderazgo femenino.<\/p>\n<p>Santo Domingo, 25 de junio de 2025. En un acto celebrado la ma\u00f1ana de este mi\u00e9rcoles, GALA Media Group llev\u00f3 a cabo la tercera edici\u00f3n del Premio Mujer de Hoy, una iniciativa que reconoce la trayectoria y la contribuci\u00f3n de mujeres en distintos sectores del pa\u00eds.<\/p>\n<p>Durante la ceremonia se otorg\u00f3 el galard\u00f3n Empresaria del A\u00f1o a Ligia Bonetti Du-Breil, presidenta ejecutiva del Grupo SID. En sus palabras, destac\u00f3 el valor del compromiso y la visi\u00f3n como elementos clave para avanzar en el desarrollo econ\u00f3mico y social.<\/p>\n<p>Tambi\u00e9n fueron reconocidas con la distinci\u00f3n Mujer del Hoy la vicepresidenta de la Rep\u00fablica, Raquel Pe\u00f1a; Laura Pe\u00f1a Izquierdo, presidenta de COPARDOM; Odile Camilo Vincent, rectora de UNIBE; y Mercedes Capell\u00e1n de Lama, del Grupo M. Los reconocimientos fueron entregados por los senadores Omar Fern\u00e1ndez, por el Distrito Nacional, y Gustavo Lara, por San Crist\u00f3bal.<\/p>\n<p>Como parte del programa, se desarroll\u00f3 el foro Business: Perspectivas Femeninas, Liderando el Cambio, moderado por Biviana Riveiro, directora ejecutiva de ProDominicana. Participaron en el panel Mercedes Capell\u00e1n, Odile Camilo Vincent y Laura Pe\u00f1a Izquierdo, abordando temas como liderazgo, innovaci\u00f3n, educaci\u00f3n superior y participaci\u00f3n femenina en sectores tradicionalmente masculinizados.<\/p>\n<figure class=\"wp-block-image size-large\"><img fetchpriority=\"high\" fetchpriority=\"high\" decoding=\"async\" width=\"1024\" height=\"767\" src=\"https:\/\/laconsultamedica.com.do\/wp-content\/uploads\/2025\/06\/ligia-bonetti-recibe-el-galardon-empresaria-del-ano-durante-la-tercera-edicion-del-premio-mujer-de-hoy-16431369164299964058-1024x767.jpg\" alt class=\"wp-image-27471\" srcset=\"https:\/\/laconsultamedica.com.do\/wp-content\/uploads\/2025\/06\/ligia-bonetti-recibe-el-galardon-empresaria-del-ano-durante-la-tercera-edicion-del-premio-mujer-de-hoy-16431369164299964058-1024x767.jpg 1024w, https:\/\/laconsultamedica.com.do\/wp-content\/uploads\/2025\/06\/ligia-bonetti-recibe-el-galardon-empresaria-del-ano-durante-la-tercera-edicion-del-premio-mujer-de-hoy-16431369164299964058-300x225.jpg 300w, https:\/\/laconsultamedica.com.do\/wp-content\/uploads\/2025\/06\/ligia-bonetti-recibe-el-galardon-empresaria-del-ano-durante-la-tercera-edicion-del-premio-mujer-de-hoy-16431369164299964058-768x575.jpg 768w, https:\/\/laconsultamedica.com.do\/wp-content\/uploads\/2025\/06\/ligia-bonetti-recibe-el-galardon-empresaria-del-ano-durante-la-tercera-edicion-del-premio-mujer-de-hoy-16431369164299964058-750x562.jpg 750w, https:\/\/laconsultamedica.com.do\/wp-content\/uploads\/2025\/06\/ligia-bonetti-recibe-el-galardon-empresaria-del-ano-durante-la-tercera-edicion-del-premio-mujer-de-hoy-16431369164299964058-1140x854.jpg 1140w, https:\/\/laconsultamedica.com.do\/wp-content\/uploads\/2025\/06\/ligia-bonetti-recibe-el-galardon-empresaria-del-ano-durante-la-tercera-edicion-del-premio-mujer-de-hoy-16431369164299964058.jpg 1280w\" sizes=\"(max-width: 1024px) 100vw, 1024px\"><\/figure>\n<p>El evento concluy\u00f3 con una invitaci\u00f3n a continuar impulsando iniciativas que fomenten el liderazgo de las mujeres en los distintos \u00e1mbitos de la sociedad.<\/p>\n<p>Entre los participantes del acto estuvieron presentes Carlos Bonilla, ministro de Vivienda y Edificaciones; Jos\u00e9 Julio G\u00f3mez, embajador de la Rep\u00fablica Dominicana en China; la senadora por Puerto Plata, Ginette Bournigal; la senadora por Az\u00faa, L\u00eda D\u00edaz; la diputada Liz Mieses; la diputada Selinee M\u00e9ndez; entre otras personalidades y autoridades gubernamentales. <\/p>\n<p>Sobre GALA Media Group<\/p>\n<p>GALA Media Group, empresa dedicada a la producci\u00f3n de contenidos y eventos de alto impacto, celebr\u00f3 la tercera edici\u00f3n del Premio Mujer de Hoy bajo la direcci\u00f3n de su presidente, Ruddy De los Santos, con el prop\u00f3sito de reconocer el liderazgo y los aportes de mujeres en distintos sectores del pa\u00eds.<\/p>\n","protected":false},"excerpt":{"rendered":"<p>GALA Media Group organiz\u00f3 la jornada que tambi\u00e9n incluy\u00f3 reconocimientos a mujeres destacadas y un foro sobre liderazgo femenino. Santo Domingo, 25 de junio de 2025. En un acto celebrado la ma\u00f1ana de este mi\u00e9rcoles, GALA Media Group llev\u00f3 a cabo la tercera edici\u00f3n del Premio Mujer de Hoy, una iniciativa que reconoce la trayectoria [&hellip;]<\/p>\n","protected":false},"author":1,"featured_media":10809,"comment_status":"closed","ping_status":"closed","sticky":false,"template":"","format":"standard","meta":{"_eb_attr":"","footnotes":""},"categories":[43],"tags":[],"_links":{"self":[{"href":"https:\/\/informedesalud.com.do\/index.php?rest_route=\/wp\/v2\/posts\/10808"}],"collection":[{"href":"https:\/\/informedesalud.com.do\/index.php?rest_route=\/wp\/v2\/posts"}],"about":[{"href":"https:\/\/informedesalud.com.do\/index.php?rest_route=\/wp\/v2\/types\/post"}],"author":[{"embeddable":true,"href":"https:\/\/informedesalud.com.do\/index.php?rest_route=\/wp\/v2\/users\/1"}],"replies":[{"embeddable":true,"href":"https:\/\/informedesalud.com.do\/index.php?rest_route=%2Fwp%2Fv2%2Fcomments&post=10808"}],"version-history":[{"count":0,"href":"https:\/\/informedesalud.com.do\/index.php?rest_route=\/wp\/v2\/posts\/10808\/revisions"}],"wp:featuredmedia":[{"embeddable":true,"href":"https:\/\/informedesalud.com.do\/index.php?rest_route=\/wp\/v2\/media\/10809"}],"wp:attachment":[{"href":"https:\/\/informedesalud.com.do\/index.php?rest_route=%2Fwp%2Fv2%2Fmedia&parent=10808"}],"wp:term":[{"taxonomy":"category","embeddable":true,"href":"https:\/\/informedesalud.com.do\/index.php?rest_route=%2Fwp%2Fv2%2Fcategories&post=10808"},{"taxonomy":"post_tag","embeddable":true,"href":"https:\/\/informedesalud.com.do\/index.php?rest_route=%2Fwp%2Fv2%2Ftags&post=10808"}],"curies":[{"name":"wp","href":"https:\/\/api.w.org\/{rel}","templated":true}]}}