{"id":10790,"date":"2025-06-25T12:43:13","date_gmt":"2025-06-25T10:43:13","guid":{"rendered":"https:\/\/laconsultamedica.com.do\/?p=27449"},"modified":"2025-06-25T12:43:13","modified_gmt":"2025-06-25T10:43:13","slug":"desarrollo-de-la-comunidad-lleva-jornada-asistencial-con-telemedicina-al-municipio-comendador","status":"publish","type":"post","link":"https:\/\/informedesalud.com.do\/?p=10790","title":{"rendered":"Desarrollo de la Comunidad lleva jornada asistencial con telemedicina al municipio Comendador"},"content":{"rendered":"<p>El\u00edas Pi\u00f1a, R.D.- La Direcci\u00f3n General de Desarrollo de la Comunidad (DGDC), en coordinaci\u00f3n con las entidades locales, realiz\u00f3 una jornada asistencial en la comunidad Macas\u00edas, del municipio de Comendador, en la provincia El\u00edas Pi\u00f1a, donde los residentes recibieron atenciones de diversos especialistas, a trav\u00e9s consulta presencial y virtual, esta \u00faltima por medio de la telemedicina.<\/p>\n<p>La actividad reuni\u00f3 a cientos de familias que recibieron, a parte de la atenci\u00f3n m\u00e9dica gratuita, medicamentos, alimentos crudos, canastillas para embarazadas y mosquiteros.<\/p>\n<p>El jornada, parte del programa La Ruta Comunitaria, fue encabezada por el director general, doctor Modesto Guzm\u00e1n, quien fue recibido por el alcalde de la demarcaci\u00f3n, Liriano Morillo, la Gobernadora Migdaly De Los Santos; y otros representantes de la zona.<\/p>\n<figure class=\"wp-block-image size-large\"><img fetchpriority=\"high\" fetchpriority=\"high\" decoding=\"async\" width=\"1024\" height=\"684\" src=\"https:\/\/laconsultamedica.com.do\/wp-content\/uploads\/2025\/06\/img-20250624-wa000718409415853290005938-1024x684.jpg\" alt class=\"wp-image-27448\" srcset=\"https:\/\/laconsultamedica.com.do\/wp-content\/uploads\/2025\/06\/img-20250624-wa000718409415853290005938-1024x684.jpg 1024w, https:\/\/laconsultamedica.com.do\/wp-content\/uploads\/2025\/06\/img-20250624-wa000718409415853290005938-300x200.jpg 300w, https:\/\/laconsultamedica.com.do\/wp-content\/uploads\/2025\/06\/img-20250624-wa000718409415853290005938-768x513.jpg 768w, https:\/\/laconsultamedica.com.do\/wp-content\/uploads\/2025\/06\/img-20250624-wa000718409415853290005938-1536x1027.jpg 1536w, https:\/\/laconsultamedica.com.do\/wp-content\/uploads\/2025\/06\/img-20250624-wa000718409415853290005938-750x501.jpg 750w, https:\/\/laconsultamedica.com.do\/wp-content\/uploads\/2025\/06\/img-20250624-wa000718409415853290005938-1140x762.jpg 1140w, https:\/\/laconsultamedica.com.do\/wp-content\/uploads\/2025\/06\/img-20250624-wa000718409415853290005938.jpg 1616w\" sizes=\"(max-width: 1024px) 100vw, 1024px\"><\/figure>\n<p>El doctor Guzm\u00e1n destac\u00f3 que estos operativos, que se desarrollan a nivel nacional, representan un cambio trascendental en el acceso a los servicios en las comunidades m\u00e1s vulnerables del pa\u00eds.<\/p>\n<p>Esta jornada es parte de nuestro compromiso de reducir las barreras al acceso a la salud y mejorar la calidad de vida de nuestras comunidades, y a\u00fan m\u00e1s con este novedoso programa de la telemedicina que permite que pacientes locales puedan ser atendidos en tiempo real por profesionales m\u00e9dicos sin necesidad de desplazarse largas distancias\u201d, afirm\u00f3 Guzm\u00e1n.<\/p>\n<p>Dijo que las jornadas asistenciales de la Direcci\u00f3n General de Desarrollo de la Comunidad se replican gradualmente en otros municipios y distritos municipales, y corresponden a lineamientos del presidente de la Rep\u00fablica, Luis Abinader.<\/p>\n<p>Tras la jornada, realizada en el Centro Educativo Nivel Inicial y Primario Ra\u00fal Jim\u00e9nez Cairo, en Macas\u00edas, el director general de Desarrollo de la Comunidad, doctor Modesto Guzm\u00e1n, acompa\u00f1ado de colaboradores de la instituci\u00f3n, sostuvo un encuentro con los principales actores sociales de la zona y otras autoridades locales como el alcalde de Sabana Larga en El\u00edas Pi\u00f1a, Jos\u00e9 Luis Soto; el director de la Junta de Distrito Municipal Guayabo, Aneuris Rosario, y otras personalidades.<\/p>\n<p>Anteriormente, la jornada asistencial y la telemedicina de la DGDC estuvo en dos ocasiones en la provincia El\u00edas Pi\u00f1a; se trat\u00f3 de los distritos municipales Sabana Larga y Guayabo.<\/p>\n","protected":false},"excerpt":{"rendered":"<p>El\u00edas Pi\u00f1a, R.D.- La Direcci\u00f3n General de Desarrollo de la Comunidad (DGDC), en coordinaci\u00f3n con las entidades locales, realiz\u00f3 una jornada asistencial en la comunidad Macas\u00edas, del municipio de Comendador, en la provincia El\u00edas Pi\u00f1a, donde los residentes recibieron atenciones de diversos especialistas, a trav\u00e9s consulta presencial y virtual, esta \u00faltima por medio de la [&hellip;]<\/p>\n","protected":false},"author":1,"featured_media":10791,"comment_status":"closed","ping_status":"closed","sticky":false,"template":"","format":"standard","meta":{"_eb_attr":"","footnotes":""},"categories":[36],"tags":[],"_links":{"self":[{"href":"https:\/\/informedesalud.com.do\/index.php?rest_route=\/wp\/v2\/posts\/10790"}],"collection":[{"href":"https:\/\/informedesalud.com.do\/index.php?rest_route=\/wp\/v2\/posts"}],"about":[{"href":"https:\/\/informedesalud.com.do\/index.php?rest_route=\/wp\/v2\/types\/post"}],"author":[{"embeddable":true,"href":"https:\/\/informedesalud.com.do\/index.php?rest_route=\/wp\/v2\/users\/1"}],"replies":[{"embeddable":true,"href":"https:\/\/informedesalud.com.do\/index.php?rest_route=%2Fwp%2Fv2%2Fcomments&post=10790"}],"version-history":[{"count":0,"href":"https:\/\/informedesalud.com.do\/index.php?rest_route=\/wp\/v2\/posts\/10790\/revisions"}],"wp:featuredmedia":[{"embeddable":true,"href":"https:\/\/informedesalud.com.do\/index.php?rest_route=\/wp\/v2\/media\/10791"}],"wp:attachment":[{"href":"https:\/\/informedesalud.com.do\/index.php?rest_route=%2Fwp%2Fv2%2Fmedia&parent=10790"}],"wp:term":[{"taxonomy":"category","embeddable":true,"href":"https:\/\/informedesalud.com.do\/index.php?rest_route=%2Fwp%2Fv2%2Fcategories&post=10790"},{"taxonomy":"post_tag","embeddable":true,"href":"https:\/\/informedesalud.com.do\/index.php?rest_route=%2Fwp%2Fv2%2Ftags&post=10790"}],"curies":[{"name":"wp","href":"https:\/\/api.w.org\/{rel}","templated":true}]}}