{"id":10439,"date":"2025-05-23T11:39:24","date_gmt":"2025-05-23T09:39:24","guid":{"rendered":"https:\/\/laconsultamedica.com.do\/?p=26522"},"modified":"2025-05-23T11:39:24","modified_gmt":"2025-05-23T09:39:24","slug":"infotep-lanza-programa-de-formacion-de-brigadas-de-emergencia-con-el-apoyo-del-coe","status":"publish","type":"post","link":"https:\/\/informedesalud.com.do\/?p=10439","title":{"rendered":"INFOTEP lanza programa de formaci\u00f3n de Brigadas de Emergencia con el apoyo del COE"},"content":{"rendered":"<div><img decoding=\"async\" src=\"https:\/\/laconsultamedica.com.do\/wp-content\/uploads\/2025\/05\/IMG-20250523-WA0004-1-scaled.jpg\" class=\"ff-og-image-inserted\"><\/div>\n<p>&gt; Capacitaran 283 voluntarios en cuatro brigadas especializadas<\/p>\n<p>Santo Domingo. -El Instituto Nacional de Formaci\u00f3n T\u00e9cnico-Profesional (INFOTEP) dio inicio al programa de formaci\u00f3n de Brigadas de Prevenci\u00f3n y Manejo de Emergencias, una iniciativa desarrollada en colaboraci\u00f3n con el Centro de Operaciones de Emergencias (COE).<\/p>\n<p>Durante el acto de lanzamiento y juramentaci\u00f3n inicial, el director general del INFOTEP, Rafael Santos Bad\u00eda, expres\u00f3 que este proyecto representa un paso firme en la evoluci\u00f3n y compromiso de la instituci\u00f3n con la seguridad de todos sus integrantes.<\/p>\n<p>\u201cEn el camino de evoluci\u00f3n y progreso institucional que el INFOTEP ha estado construyendo, hoy nos complace altamente anunciar el lanzamiento del programa de formaci\u00f3n de las Brigadas de Prevenci\u00f3n y Manejo de Emergencias dise\u00f1ado e impartido por el Centro de Operaciones de Emergencias (COE) y contando con el apoyo entusiasta y decidido de su director, General \u00ae\ufe0f, Juan Manuel M\u00e9ndez y esta Direcci\u00f3n General del INFOTEP\u201d, afirm\u00f3.<\/p>\n<p>*COE respalda fortalecimiento de capacidades de respuesta*<\/p>\n<p>De su lado el director del Centro de Operaciones de Emergencias (COE), Mayor General \u00ae\ufe0f Juan Manuel M\u00e9ndez Garc\u00eda, valor\u00f3 positivamente la iniciativa del INFOTEP, destacando su impacto en la capacidad de respuesta institucional ante emergencias y en la promoci\u00f3n de una cultura de seguridad.<\/p>\n<p>\u201cSabemos que con esta iniciativa el INFOTEP tendr\u00e1 mayor capacidad de respuesta en caso de emergencia, reducci\u00f3n del riesgo de lesiones y muerte en caso de emergencia, mayor seguridad para los estudiantes, trabajadores y visitantes, cumplimiento de normativas legales en materia de seguridad laboral y la creaci\u00f3n de una cultura de seguridad en la empresa\u201d, dijo.<\/p>\n<p>*Osiris de Le\u00f3n destaca valor del programa como modelo nacional*<\/p>\n<p>El ge\u00f3logo Osiris de Le\u00f3n elogi\u00f3 la iniciativa del INFOTEP, se\u00f1alando que su Programa de Formaci\u00f3n de Brigadas de Emergencia podr\u00eda convertirse en un modelo a replicar en toda la administraci\u00f3n p\u00fablica y el sector privado.<\/p>\n<p>\u201cQu\u00e9 bueno que ustedes como Instituto de Formaci\u00f3n T\u00e9cnico-Profesional han decidido crear esta brigada que va a servir de referente para las dem\u00e1s instituciones de la administraci\u00f3n p\u00fablica y para que las empresas del sector privado repliquen este modelo. Y yo s\u00e9 que ah\u00ed tendr\u00e1n la colaboraci\u00f3n del COE y el general M\u00e9ndez\u201d, expres\u00f3.<\/p>\n<p>*Formaci\u00f3n inicial abarcar\u00e1 283 voluntarios en cuatro brigadas especializadas*<\/p>\n<p>La instituci\u00f3n inform\u00f3 que el equipo t\u00e9cnico estar\u00e1 integrado por colaboradores de las direcciones regionales Cibao Norte, Metropolitana, Sur y ECI\/ONA.<\/p>\n<p>En esta primera etapa, se formar\u00e1n 283 voluntarios, distribuidos en cuatro brigadas especializadas: la Brigada de Primeros Auxilios, encargada de atender lesiones o emergencias m\u00e9dicas b\u00e1sicas mientras llega la ayuda profesional; la Brigada Contra Incendios, entrenada para combatir conatos de incendios y manejar extintores e hidrantes; <\/p>\n<p>Asimismo, la Brigada de Evacuaci\u00f3n, responsable de guiar y organizar la salida de personas hacia zonas seguras durante emergencias; y la Brigada de Comunicaci\u00f3n, dedicada a difundir informaci\u00f3n clara y oportuna durante eventos cr\u00edticos.<\/p>\n<p>&nbsp;&nbsp;&nbsp; \u201cCon el inicio de este tan relevante evento formativo el INFOTEP da un nuevo firme paso en la protecci\u00f3n de los colaboradores, participantes, facilitadores, visitantes y contratistas y en cumplimiento con la ley General de Salud no. 42-01, la Ley General sobre Medio Ambiente 64-00 y los Reglamentos y Manual sobre Seguridad y Salud en el trabajo\u201d, indicaron.<\/p>\n<p>*Direcci\u00f3n responsable*<\/p>\n<p>El programa es coordinado por la Direcci\u00f3n de Riesgos Operacionales y Medio Ambiente del INFOTEP, departamento responsable de la prevenci\u00f3n y mitigaci\u00f3n de riesgos operativos y medioambientales vinculados a las actividades de formaci\u00f3n y gesti\u00f3n administrativa.<\/p>\n","protected":false},"excerpt":{"rendered":"<p>&gt; Capacitaran 283 voluntarios en cuatro brigadas especializadas Santo Domingo. -El Instituto Nacional de Formaci\u00f3n T\u00e9cnico-Profesional (INFOTEP) dio inicio al programa de formaci\u00f3n de Brigadas de Prevenci\u00f3n y Manejo de Emergencias, una iniciativa desarrollada en colaboraci\u00f3n con el Centro de Operaciones de Emergencias (COE). Durante el acto de lanzamiento y juramentaci\u00f3n inicial, el director general [&hellip;]<\/p>\n","protected":false},"author":1,"featured_media":10440,"comment_status":"closed","ping_status":"closed","sticky":false,"template":"","format":"standard","meta":{"_eb_attr":"","footnotes":""},"categories":[36],"tags":[],"_links":{"self":[{"href":"https:\/\/informedesalud.com.do\/index.php?rest_route=\/wp\/v2\/posts\/10439"}],"collection":[{"href":"https:\/\/informedesalud.com.do\/index.php?rest_route=\/wp\/v2\/posts"}],"about":[{"href":"https:\/\/informedesalud.com.do\/index.php?rest_route=\/wp\/v2\/types\/post"}],"author":[{"embeddable":true,"href":"https:\/\/informedesalud.com.do\/index.php?rest_route=\/wp\/v2\/users\/1"}],"replies":[{"embeddable":true,"href":"https:\/\/informedesalud.com.do\/index.php?rest_route=%2Fwp%2Fv2%2Fcomments&post=10439"}],"version-history":[{"count":0,"href":"https:\/\/informedesalud.com.do\/index.php?rest_route=\/wp\/v2\/posts\/10439\/revisions"}],"wp:featuredmedia":[{"embeddable":true,"href":"https:\/\/informedesalud.com.do\/index.php?rest_route=\/wp\/v2\/media\/10440"}],"wp:attachment":[{"href":"https:\/\/informedesalud.com.do\/index.php?rest_route=%2Fwp%2Fv2%2Fmedia&parent=10439"}],"wp:term":[{"taxonomy":"category","embeddable":true,"href":"https:\/\/informedesalud.com.do\/index.php?rest_route=%2Fwp%2Fv2%2Fcategories&post=10439"},{"taxonomy":"post_tag","embeddable":true,"href":"https:\/\/informedesalud.com.do\/index.php?rest_route=%2Fwp%2Fv2%2Ftags&post=10439"}],"curies":[{"name":"wp","href":"https:\/\/api.w.org\/{rel}","templated":true}]}}