{"id":10163,"date":"2025-04-24T14:55:20","date_gmt":"2025-04-24T12:55:20","guid":{"rendered":"https:\/\/laconsultamedica.com.do\/?p=25736"},"modified":"2025-04-24T14:55:20","modified_gmt":"2025-04-24T12:55:20","slug":"la-comunicadora-yenny-polanco-lovera-asegura-que-a-traves-de-este-programa-reafirma-su-compromiso-con-una-television-de-calidad-respaldada-por-un-equipo-de-produccion-de-primer-nivel-y-la-fidelidad-d","status":"publish","type":"post","link":"https:\/\/informedesalud.com.do\/?p=10163","title":{"rendered":"La comunicadora Yenny Polanco Lovera asegura que a trav\u00e9s de este programa reafirma su compromiso con una televisi\u00f3n de calidad, respaldada por un equipo de producci\u00f3n de primer nivel y la fidelidad de su audiencia."},"content":{"rendered":"<div><img decoding=\"async\" src=\"https:\/\/laconsultamedica.com.do\/wp-content\/uploads\/2025\/04\/image_editor_output_image571524673-1745499366651.jpg\" class=\"ff-og-image-inserted\"><\/div>\n<p>Santo Domingo, abril 2025. Con dos d\u00e9cadas ininterrumpidas en el aire, el programa \u201cFiestas y Personalidades\u201d se ha consolidado como una opci\u00f3n televisiva que combina una producci\u00f3n entretenida, educativa y de calidad.<\/p>\n<p>Al valorar estos 20 a\u00f1os, su conductora, la periodista Yenny Polanco Lovera asegura que el programa se mantiene a la vanguardia \u201cporque ofrecemos un contenido variado, actual y comprometido con resaltar lo mejor del arte, la cultura y el entretenimiento. Nos mantenemos vigentes gracias a la pasi\u00f3n y profesionalismo de nuestro equipo de producci\u00f3n y a la fidelidad de una audiencia que valora el buen contenido\u201d.<\/p>\n<p>\u201cCuando hablo de productores de lujo, no solo me refiero a Dayanna Minier y Kosaky Suberv\u00ed, sino tambi\u00e9n al periodista Salvador Batista, quien cada semana nos ofrece un recorrido por el pa\u00eds y el mundo; y Raysa Feliz, quien recientemente se sum\u00f3 al programa. Ambos son productores de sus propios espacios y nos aportan contenido valioso para nuestra audiencia\u201d, destac\u00f3 Yenny Polanco Lovera.<\/p>\n<p>En el equipo de Fiestas y Personalidades tambi\u00e9n est\u00e1 \u00c1ngel Marie Polanco, reportera internacional; Olga Recio y Mar\u00eda Mercedes, encargadas del \u00e1rea administrativa y de Relaciones P\u00fablicas, respectivamente. <\/p>\n<p>De igual manera, expres\u00f3 su agradecimiento a los profesionales que han sido parte de este programa, quienes han tenido una participaci\u00f3n extraordinaria, as\u00ed como a los patrocinadores por su continuo apoyo y confianza.<\/p>\n<p>Reflexi\u00f3n sobre situaci\u00f3n actual de los medios<\/p>\n<p>Durante la celebraci\u00f3n de este aniversario, Polanco Lovera tambi\u00e9n reflexion\u00f3 sobre la situaci\u00f3n actual de la televisi\u00f3n nacional: \u201cEs preocupante ver c\u00f3mo muchos programas con contenido pobre reciben amplio respaldo publicitario. A veces, uno se cuestiona si seguir o detenerse. Pero como comunicadora comprometida con aportar al pa\u00eds, sigo adelante con la esperanza de que la audiencia sabr\u00e1 valorar los proyectos que realmente suman y respetan al p\u00fablico\u201d.<\/p>\n<p>En ese sentido, destac\u00f3 que transmitir un contenido de calidad es vital para formar una audiencia cr\u00edtica y bien informada. \u201cEn un entorno medi\u00e1tico saturado de informaci\u00f3n, ofrecer un contenido producido con valor educativo marca la diferencia. La calidad no solo dignifica al medio y a sus productores, sino que tambi\u00e9n contribuye al desarrollo de una sociedad m\u00e1s consciente, capaz de discernir y valorar lo que realmente aporta a su crecimiento personal y colectivo\u201d.<\/p>\n<p>Fiestas y Personalidades de transmite cada s\u00e1bado de 7:00 p.m., a 8:00 p.m.,&nbsp; por RTVD, canal 4, con repetici\u00f3n los domingos por Latinos TV NY y Bonches Latinos; BVTV B\u00e1varo y por Miavisi\u00f3n, 97 de Claro TV. <\/p>\n<p>Tambi\u00e9n puede obtener m\u00e1s informaci\u00f3n a trav\u00e9s de la p\u00e1gina www.fiestasypersonalidades.com <br \/>Perfil Yenny Polanco Lovera <br \/>Yenny Polanco Lovera es una consagrada periodista y relacionista p\u00fablico que ha asumido su profesi\u00f3n como una expresi\u00f3n que le permite aportar a la sociedad. Es egresada de la Universidad Aut\u00f3noma de Santo Domingo, de UNAPEC, y de la Universidad Complutense de Sevilla, en Espa\u00f1a.<\/p>\n<p>Tambi\u00e9n es egresada de la Escuela Nacional de Locuci\u00f3n, as\u00ed como de la Escuela de Bellas Artes, donde estudi\u00f3 Arte Dram\u00e1tico. Adem\u00e1s, curs\u00f3 estudios superiores en la UASD y UNAPEC. Realiz\u00f3 su pasant\u00eda de producci\u00f3n televisiva junto a Alfonso Rodr\u00edguez y Jos\u00e9 Rafael Vargas.<br \/>Su experiencia en televisi\u00f3n incluye participaciones en espacios como Matinal 21, El Show del Mediod\u00eda y otros importantes programas nacionales.<\/p>\n","protected":false},"excerpt":{"rendered":"<p>Santo Domingo, abril 2025. Con dos d\u00e9cadas ininterrumpidas en el aire, el programa \u201cFiestas y Personalidades\u201d se ha consolidado como una opci\u00f3n televisiva que combina una producci\u00f3n entretenida, educativa y de calidad. Al valorar estos 20 a\u00f1os, su conductora, la periodista Yenny Polanco Lovera asegura que el programa se mantiene a la vanguardia \u201cporque ofrecemos [&hellip;]<\/p>\n","protected":false},"author":1,"featured_media":0,"comment_status":"closed","ping_status":"closed","sticky":false,"template":"","format":"standard","meta":{"_eb_attr":"","footnotes":""},"categories":[43],"tags":[],"_links":{"self":[{"href":"https:\/\/informedesalud.com.do\/index.php?rest_route=\/wp\/v2\/posts\/10163"}],"collection":[{"href":"https:\/\/informedesalud.com.do\/index.php?rest_route=\/wp\/v2\/posts"}],"about":[{"href":"https:\/\/informedesalud.com.do\/index.php?rest_route=\/wp\/v2\/types\/post"}],"author":[{"embeddable":true,"href":"https:\/\/informedesalud.com.do\/index.php?rest_route=\/wp\/v2\/users\/1"}],"replies":[{"embeddable":true,"href":"https:\/\/informedesalud.com.do\/index.php?rest_route=%2Fwp%2Fv2%2Fcomments&post=10163"}],"version-history":[{"count":0,"href":"https:\/\/informedesalud.com.do\/index.php?rest_route=\/wp\/v2\/posts\/10163\/revisions"}],"wp:attachment":[{"href":"https:\/\/informedesalud.com.do\/index.php?rest_route=%2Fwp%2Fv2%2Fmedia&parent=10163"}],"wp:term":[{"taxonomy":"category","embeddable":true,"href":"https:\/\/informedesalud.com.do\/index.php?rest_route=%2Fwp%2Fv2%2Fcategories&post=10163"},{"taxonomy":"post_tag","embeddable":true,"href":"https:\/\/informedesalud.com.do\/index.php?rest_route=%2Fwp%2Fv2%2Ftags&post=10163"}],"curies":[{"name":"wp","href":"https:\/\/api.w.org\/{rel}","templated":true}]}}