{"id":10155,"date":"2025-04-23T12:14:46","date_gmt":"2025-04-23T10:14:46","guid":{"rendered":"https:\/\/laconsultamedica.com.do\/?p=25731"},"modified":"2025-04-23T12:14:46","modified_gmt":"2025-04-23T10:14:46","slug":"presidente-abinader-asistira-junto-a-su-esposa-raquel-arbaje-a-la-misa-funeral-de-su-santidad-el-papa-francisco","status":"publish","type":"post","link":"https:\/\/informedesalud.com.do\/?p=10155","title":{"rendered":"Presidente Abinader asistir\u00e1 junto a su esposa Raquel Arbaje a la misa funeral de Su Santidad el papa Francisco"},"content":{"rendered":"<div><img decoding=\"async\" src=\"https:\/\/laconsultamedica.com.do\/wp-content\/uploads\/2025\/04\/image_editor_output_image439671391-1745403297103.jpg\" class=\"ff-og-image-inserted\"><\/div>\n<p>Santo Domingo.\u2013 El director de&nbsp;Estrategia y Comunicaci\u00f3n Gubernamental y vocero de la Presidencia,&nbsp;Homero Figueroa inform\u00f3 este martes que el presidente Luis Abinader y la primera dama, Raquel Arbaje, viajar\u00e1n este viernes a Roma para asistir a la misa funeral de Su Santidad el papa Francisco.<\/p>\n<p>La informaci\u00f3n fue dada a conocer por el vocero a trav\u00e9s de sus redes sociales. <\/p>\n<p>\u00abEl presidente @LuisAbinader y la primera dama @RaquelArbaje viajar\u00e1n este viernes a Roma para asistir a la misa funeral de Su Santidad el papa Francisco, que se celebrar\u00e1 el s\u00e1bado 26 de abril a las 10 a.m. en la Plaza de San Pedro. Regresar\u00e1n al pa\u00eds el domingo\u00bb, poste\u00f3 Figueroa en la red social X, antigua Twitter.<\/p>\n<p>La ceremonia, conforme a la comunicaci\u00f3n oficial del Vaticano dirigida a los Jefes de Misi\u00f3n Diplom\u00e1tica acreditados ante la Santa Sede, se celebrar\u00e1 el s\u00e1bado 26 de abril a las 10:00 a.\u202fm. (hora de Italia) en la Plaza de San Pedro. <\/p>\n<p>El Vaticano ha confirmado que pueden participar delegaciones oficiales enviadas por los Gobiernos, y ha solicitado que estas no excedan de cinco miembros en caso de estar encabezadas por un Jefe de Estado o de Gobierno.<\/p>\n<p>El presidente Abinader y la primera dama regresar\u00e1n al pa\u00eds el domingo 27 de abril.<\/p>\n","protected":false},"excerpt":{"rendered":"<p>Santo Domingo.\u2013 El director de&nbsp;Estrategia y Comunicaci\u00f3n Gubernamental y vocero de la Presidencia,&nbsp;Homero Figueroa inform\u00f3 este martes que el presidente Luis Abinader y la primera dama, Raquel Arbaje, viajar\u00e1n este viernes a Roma para asistir a la misa funeral de Su Santidad el papa Francisco. La informaci\u00f3n fue dada a conocer por el vocero a [&hellip;]<\/p>\n","protected":false},"author":1,"featured_media":10156,"comment_status":"closed","ping_status":"closed","sticky":false,"template":"","format":"standard","meta":{"_eb_attr":"","footnotes":""},"categories":[36],"tags":[],"_links":{"self":[{"href":"https:\/\/informedesalud.com.do\/index.php?rest_route=\/wp\/v2\/posts\/10155"}],"collection":[{"href":"https:\/\/informedesalud.com.do\/index.php?rest_route=\/wp\/v2\/posts"}],"about":[{"href":"https:\/\/informedesalud.com.do\/index.php?rest_route=\/wp\/v2\/types\/post"}],"author":[{"embeddable":true,"href":"https:\/\/informedesalud.com.do\/index.php?rest_route=\/wp\/v2\/users\/1"}],"replies":[{"embeddable":true,"href":"https:\/\/informedesalud.com.do\/index.php?rest_route=%2Fwp%2Fv2%2Fcomments&post=10155"}],"version-history":[{"count":0,"href":"https:\/\/informedesalud.com.do\/index.php?rest_route=\/wp\/v2\/posts\/10155\/revisions"}],"wp:featuredmedia":[{"embeddable":true,"href":"https:\/\/informedesalud.com.do\/index.php?rest_route=\/wp\/v2\/media\/10156"}],"wp:attachment":[{"href":"https:\/\/informedesalud.com.do\/index.php?rest_route=%2Fwp%2Fv2%2Fmedia&parent=10155"}],"wp:term":[{"taxonomy":"category","embeddable":true,"href":"https:\/\/informedesalud.com.do\/index.php?rest_route=%2Fwp%2Fv2%2Fcategories&post=10155"},{"taxonomy":"post_tag","embeddable":true,"href":"https:\/\/informedesalud.com.do\/index.php?rest_route=%2Fwp%2Fv2%2Ftags&post=10155"}],"curies":[{"name":"wp","href":"https:\/\/api.w.org\/{rel}","templated":true}]}}