{"id":10133,"date":"2025-04-21T12:51:33","date_gmt":"2025-04-21T10:51:33","guid":{"rendered":"https:\/\/laconsultamedica.com.do\/?p=25637"},"modified":"2025-04-21T12:51:33","modified_gmt":"2025-04-21T10:51:33","slug":"el-papa-aparece-para-la-bendicion-urbi-et-orbi-en-el-balcon-de-la-fachada-de-san-pedro","status":"publish","type":"post","link":"https:\/\/informedesalud.com.do\/?p=10133","title":{"rendered":"El papa aparece para la bendici\u00f3n Urbi et Orbi en el balc\u00f3n de la fachada de San Pedro"},"content":{"rendered":"<div><img decoding=\"async\" src=\"https:\/\/laconsultamedica.com.do\/wp-content\/uploads\/2025\/04\/7bdc952a2dbe5f59e35203290e96c3bbb01013e0w-1536x1024-1.jpg\" class=\"ff-og-image-inserted\"><\/div>\n<p>El papa Francisco, a\u00fan convaleciente de su infecci\u00f3n respiratoria, apareci\u00f3 en el balc\u00f3n de la logia central de la bas\u00edlica de San Pedro para la bendici\u00f3n Urbi et Orbi tras la misa del Domingo de Resurrecci\u00f3n.<\/p>\n<p>Francisco no ha participado en ninguno de los ritos de la Semana Santa debido a que sigue recuper\u00e1ndose tras haber pasado 38 d\u00edas en el hospital por una neumon\u00eda bilateral y haber sido dado de alta el 23 de marzo.<\/p>\n<p>El pont\u00edfice argentino permaneci\u00f3 sentado en la silla de ruedas, no llevaba las c\u00e1nulas nasales para el ox\u00edgeno, dese\u00f3 una \u00abBuena Pascua\u00bb y pidi\u00f3 al maestro de ceremonias que leyese el mensaje de la Pascua ante las 35.000 personas congregadas en la plaza de San Pedro para la misa del Domingo de Resurrecci\u00f3n, que fue oficiada por el cardenal Angelo Comastri.<\/p>\n<p>Francisco hab\u00eda apareci\u00f3 de nuevo por sorpresa este s\u00e1bado cuando acudi\u00f3 a rezar a la bas\u00edlica de San Pedro antes de la celebraci\u00f3n de Vigilia del S\u00e1bado Santo y se detuvo a saludar a algunos grupos de peregrinos estadounidenses que estaban en esos momentos en el templo.<\/p>\n<p>El papa ha estado ausente en todos los ritos de la Semana Santa vaticana y s\u00f3lo acudi\u00f3 en la tarde del Jueves Santo a la c\u00e1rcel romana de Regina Coeli, cerca del Vaticano, para un saludo a los reclusos c\u00f3mo hab\u00eda hecho desde el inicio del pontificado.<\/p>\n<p>\u00abLa vivo como puedo\u00bb, respondi\u00f3 el pont\u00edfice, con un hilo de voz, desde la ventanilla del coche a su salida de la prisi\u00f3n, preguntado por los medios sobre c\u00f3mo vive esta Semana Santa en estos momentos delicados de su salud.<\/p>\n","protected":false},"excerpt":{"rendered":"<p>El papa Francisco, a\u00fan convaleciente de su infecci\u00f3n respiratoria, apareci\u00f3 en el balc\u00f3n de la logia central de la bas\u00edlica de San Pedro para la bendici\u00f3n Urbi et Orbi tras la misa del Domingo de Resurrecci\u00f3n. Francisco no ha participado en ninguno de los ritos de la Semana Santa debido a que sigue recuper\u00e1ndose tras [&hellip;]<\/p>\n","protected":false},"author":1,"featured_media":10134,"comment_status":"closed","ping_status":"closed","sticky":false,"template":"","format":"standard","meta":{"_eb_attr":"","footnotes":""},"categories":[37],"tags":[],"_links":{"self":[{"href":"https:\/\/informedesalud.com.do\/index.php?rest_route=\/wp\/v2\/posts\/10133"}],"collection":[{"href":"https:\/\/informedesalud.com.do\/index.php?rest_route=\/wp\/v2\/posts"}],"about":[{"href":"https:\/\/informedesalud.com.do\/index.php?rest_route=\/wp\/v2\/types\/post"}],"author":[{"embeddable":true,"href":"https:\/\/informedesalud.com.do\/index.php?rest_route=\/wp\/v2\/users\/1"}],"replies":[{"embeddable":true,"href":"https:\/\/informedesalud.com.do\/index.php?rest_route=%2Fwp%2Fv2%2Fcomments&post=10133"}],"version-history":[{"count":0,"href":"https:\/\/informedesalud.com.do\/index.php?rest_route=\/wp\/v2\/posts\/10133\/revisions"}],"wp:featuredmedia":[{"embeddable":true,"href":"https:\/\/informedesalud.com.do\/index.php?rest_route=\/wp\/v2\/media\/10134"}],"wp:attachment":[{"href":"https:\/\/informedesalud.com.do\/index.php?rest_route=%2Fwp%2Fv2%2Fmedia&parent=10133"}],"wp:term":[{"taxonomy":"category","embeddable":true,"href":"https:\/\/informedesalud.com.do\/index.php?rest_route=%2Fwp%2Fv2%2Fcategories&post=10133"},{"taxonomy":"post_tag","embeddable":true,"href":"https:\/\/informedesalud.com.do\/index.php?rest_route=%2Fwp%2Fv2%2Ftags&post=10133"}],"curies":[{"name":"wp","href":"https:\/\/api.w.org\/{rel}","templated":true}]}}