{"id":10127,"date":"2025-04-16T12:21:31","date_gmt":"2025-04-16T10:21:31","guid":{"rendered":"https:\/\/laconsultamedica.com.do\/?p=25579"},"modified":"2025-04-16T12:21:31","modified_gmt":"2025-04-16T10:21:31","slug":"ministerio-de-salud-publica-pone-en-marcha-la-campana-semana-santa-segura","status":"publish","type":"post","link":"https:\/\/informedesalud.com.do\/?p=10127","title":{"rendered":"Ministerio de Salud P\u00fablica pone en marcha la campa\u00f1a \u00abSemana Santa Segura\u00bb"},"content":{"rendered":"<p>Busca reducir lesiones y muertes por accidentes de tr\u00e1nsito durante el asueto de Semana Santa 2025.<\/p>\n<p>Santo Domingo. \u2013 El Ministerio de Salud P\u00fablica dio inicio este martes a la campa\u00f1a \u00abSemana Santa Segura\u00bb, con la entrega de 50 mil kits a la Cruz Roja Dominicana, Defensa Civil, \u00c1reas de Salud y Direcciones Provinciales, con el objetivo de contribuir a reducir los riesgos de muertes y lesiones por accidentes de tr\u00e1nsito durante este per\u00edodo, y dar respuesta oportuna a las eventualidades que se presenten en puntos espec\u00edficos durante el asueto.<\/p>\n<p>La instituci\u00f3n inform\u00f3 que se estar\u00e1n desarrollando, en todo el pa\u00eds, actividades de prevenci\u00f3n de accidentes de tr\u00e1nsito con el prop\u00f3sito de evitar situaciones lamentables. En ese sentido, llam\u00f3 a la ciudadan\u00eda a actuar con mayor cuidado y a respetar las medidas de seguridad vial.<\/p>\n<figure class=\"wp-block-image size-large\"><img fetchpriority=\"high\" fetchpriority=\"high\" decoding=\"async\" width=\"1024\" height=\"682\" src=\"https:\/\/laconsultamedica.com.do\/wp-content\/uploads\/2025\/04\/whatsapp-image-2025-04-15-at-107976890841044457312-1024x682.jpg\" alt class=\"wp-image-25577\" srcset=\"https:\/\/laconsultamedica.com.do\/wp-content\/uploads\/2025\/04\/whatsapp-image-2025-04-15-at-107976890841044457312-1024x682.jpg 1024w, https:\/\/laconsultamedica.com.do\/wp-content\/uploads\/2025\/04\/whatsapp-image-2025-04-15-at-107976890841044457312-300x200.jpg 300w, https:\/\/laconsultamedica.com.do\/wp-content\/uploads\/2025\/04\/whatsapp-image-2025-04-15-at-107976890841044457312-768x512.jpg 768w, https:\/\/laconsultamedica.com.do\/wp-content\/uploads\/2025\/04\/whatsapp-image-2025-04-15-at-107976890841044457312-1536x1024.jpg 1536w, https:\/\/laconsultamedica.com.do\/wp-content\/uploads\/2025\/04\/whatsapp-image-2025-04-15-at-107976890841044457312-750x500.jpg 750w, https:\/\/laconsultamedica.com.do\/wp-content\/uploads\/2025\/04\/whatsapp-image-2025-04-15-at-107976890841044457312-1140x760.jpg 1140w, https:\/\/laconsultamedica.com.do\/wp-content\/uploads\/2025\/04\/whatsapp-image-2025-04-15-at-107976890841044457312.jpg 2000w\" sizes=\"(max-width: 1024px) 100vw, 1024px\"><\/figure>\n<p>Los kits fueron entregados por la viceministra de Gesti\u00f3n de Riesgos y Salud Ambiental, doctora Gina Estrella, quien destac\u00f3 que estos contienen varios insumos de primeros auxilios ante cualquier eventualidad. Enfatiz\u00f3 que la prevenci\u00f3n oportuna y efectiva puede evitar da\u00f1os mayores.<\/p>\n<p>Asimismo, hizo un llamado a la prudencia y a la reflexi\u00f3n en esta Semana Santa: \u201cNo queremos que cuenten a nadie ni pasar a hacer estad\u00edsticas; solo que se cuiden y cuiden a los dem\u00e1s\u201d, expres\u00f3.<\/p>\n<p>Por su parte, el ministro de Salud, doctor V\u00edctor Atallah, exhort\u00f3 a la poblaci\u00f3n a mantener la calma y la prudencia con el consumo de bebidas alcoh\u00f3licas, as\u00ed como a tomar todas las medidas preventivas necesarias para evitar sucesos tr\u00e1gicos durante la Semana Mayor. Se\u00f1al\u00f3 que este es un tiempo para compartir, descansar y reflexionar, pero tambi\u00e9n para extremar las precauciones. \u201cPara disfrutar estos d\u00edas, que invitan a la reuni\u00f3n familiar y al descanso, no hay que llegar a los excesos. Si viajas, hazlo con calma\u201d, indic\u00f3.<\/p>\n<p>El titular de Salud tambi\u00e9n pidi\u00f3 a los ciudadanos que se trasladan al interior del pa\u00eds, que eviten el exceso de velocidad, principal causa de muertes por accidentes en Rep\u00fablica Dominicana. \u201cHay que tener todo el cuidado debido y respetar las medidas de seguridad vial: mantener los l\u00edmites de velocidad, no usar el celular mientras se conduce, usar el cintur\u00f3n de seguridad y casco protector, evitar ingerir bebidas alcoh\u00f3licas y cualquier acci\u00f3n que pueda distraer durante la conducci\u00f3n\u201d, puntualiz\u00f3.<\/p>\n<p>Record\u00f3 que \u201cSemana Santa es un momento para reflexionar, compartir, agradecer y cuidar a los que queremos, disfruta con responsabilidad y vuelve seguro a casa\u201d.<\/p>\n<p>Los kits de primeros auxilios fueron elaborados con la colaboraci\u00f3n de PROMESE\/CAL y el Banco de Reservas. Ser\u00e1n distribuidos a los vacacionistas en los peajes y puntos de salida de la ciudad hacia las provincias, con el fin de prevenir y atender posibles emergencias de salud que pudieran surgir durante el asueto de Semana Santa 2025. Estos contienen alcohol, vendas el\u00e1sticas y adhesivas, guantes quir\u00fargicos, gel antibacterial, analg\u00e9sicos, entre otros art\u00edculos.<\/p>\n<figure class=\"wp-block-image size-large\"><img decoding=\"async\" width=\"1024\" height=\"682\" src=\"https:\/\/laconsultamedica.com.do\/wp-content\/uploads\/2025\/04\/whatsapp-image-2025-04-15-at-118997127418415145402-1024x682.jpg\" alt class=\"wp-image-25578\" srcset=\"https:\/\/laconsultamedica.com.do\/wp-content\/uploads\/2025\/04\/whatsapp-image-2025-04-15-at-118997127418415145402-1024x682.jpg 1024w, https:\/\/laconsultamedica.com.do\/wp-content\/uploads\/2025\/04\/whatsapp-image-2025-04-15-at-118997127418415145402-300x200.jpg 300w, https:\/\/laconsultamedica.com.do\/wp-content\/uploads\/2025\/04\/whatsapp-image-2025-04-15-at-118997127418415145402-768x512.jpg 768w, https:\/\/laconsultamedica.com.do\/wp-content\/uploads\/2025\/04\/whatsapp-image-2025-04-15-at-118997127418415145402-1536x1024.jpg 1536w, https:\/\/laconsultamedica.com.do\/wp-content\/uploads\/2025\/04\/whatsapp-image-2025-04-15-at-118997127418415145402-750x500.jpg 750w, https:\/\/laconsultamedica.com.do\/wp-content\/uploads\/2025\/04\/whatsapp-image-2025-04-15-at-118997127418415145402-1140x760.jpg 1140w, https:\/\/laconsultamedica.com.do\/wp-content\/uploads\/2025\/04\/whatsapp-image-2025-04-15-at-118997127418415145402.jpg 2000w\" sizes=\"(max-width: 1024px) 100vw, 1024px\"><\/figure>\n<p>Recomendaciones al viajar<br \/>La entidad de salud tambi\u00e9n ofreci\u00f3 recomendaciones para quienes se desplacen por carretera: es fundamental verificar que el veh\u00edculo est\u00e9 en \u00f3ptimas condiciones, revisar la bater\u00eda, los niveles de aceite, l\u00edquido de frenos, refrigerante, direcci\u00f3n hidr\u00e1ulica y limpiaparabrisas; probar las luces y frenos; verificar el combustible y llevar un kit de emergencia que incluya herramientas b\u00e1sicas, botiqu\u00edn, tri\u00e1ngulos de seguridad y linterna.<\/p>\n<p>Antes del viaje, se recomienda dormir al menos entre 7 y 8 horas para evitar fatiga al conducir, comer ligero, mantenerse hidratado, si usa medicamentos asegurarse de llevarlo, revisar el estado del veh\u00edculo, planificar la ruta y contar con una alternativa en caso de desv\u00edos.<br \/>Tambi\u00e9n es importante llevar la documentaci\u00f3n del veh\u00edculo, licencia de conducir, botiqu\u00edn, herramientas b\u00e1sicas y n\u00fameros de emergencia.<\/p>\n<p>En las playas y r\u00edos, se recomienda disfrutar con seguridad, estar atentos a las se\u00f1ales y respetar las banderas y avisos, quienes no saben nadar deben permanecer en \u00e1reas seguras y nunca aventurarse solos. Los ni\u00f1os deben estar siempre bajo vigilancia, incluso en aguas tranquilas, adem\u00e1s, se debe evitar nadar si se ha consumido alcohol, utilizar protector solar, mantenerse hidratado y descansar a la sombra cuando el sol est\u00e9 m\u00e1s fuerte.<\/p>\n<p>En representaci\u00f3n de la Defensa Civil recibi\u00f3 la doctora Joana Leyba, encargada del Cuerpo M\u00e9dico; tambi\u00e9n participaron la doctora Ramona N\u00fa\u00f1ez Camarena, directora de Salud de la Cruz Roja Dominicana, y los directores de \u00c1reas de Salud del Ministerio. Estuvo presente el director de Gabinete del MSP, Alan Est\u00e9vez, adem\u00e1s de los viceministros de la instituci\u00f3n.<\/p>\n","protected":false},"excerpt":{"rendered":"<p>Busca reducir lesiones y muertes por accidentes de tr\u00e1nsito durante el asueto de Semana Santa 2025. Santo Domingo. \u2013 El Ministerio de Salud P\u00fablica dio inicio este martes a la campa\u00f1a \u00abSemana Santa Segura\u00bb, con la entrega de 50 mil kits a la Cruz Roja Dominicana, Defensa Civil, \u00c1reas de Salud y Direcciones Provinciales, con [&hellip;]<\/p>\n","protected":false},"author":1,"featured_media":10128,"comment_status":"closed","ping_status":"closed","sticky":false,"template":"","format":"standard","meta":{"_eb_attr":"","footnotes":""},"categories":[93],"tags":[],"_links":{"self":[{"href":"https:\/\/informedesalud.com.do\/index.php?rest_route=\/wp\/v2\/posts\/10127"}],"collection":[{"href":"https:\/\/informedesalud.com.do\/index.php?rest_route=\/wp\/v2\/posts"}],"about":[{"href":"https:\/\/informedesalud.com.do\/index.php?rest_route=\/wp\/v2\/types\/post"}],"author":[{"embeddable":true,"href":"https:\/\/informedesalud.com.do\/index.php?rest_route=\/wp\/v2\/users\/1"}],"replies":[{"embeddable":true,"href":"https:\/\/informedesalud.com.do\/index.php?rest_route=%2Fwp%2Fv2%2Fcomments&post=10127"}],"version-history":[{"count":0,"href":"https:\/\/informedesalud.com.do\/index.php?rest_route=\/wp\/v2\/posts\/10127\/revisions"}],"wp:featuredmedia":[{"embeddable":true,"href":"https:\/\/informedesalud.com.do\/index.php?rest_route=\/wp\/v2\/media\/10128"}],"wp:attachment":[{"href":"https:\/\/informedesalud.com.do\/index.php?rest_route=%2Fwp%2Fv2%2Fmedia&parent=10127"}],"wp:term":[{"taxonomy":"category","embeddable":true,"href":"https:\/\/informedesalud.com.do\/index.php?rest_route=%2Fwp%2Fv2%2Fcategories&post=10127"},{"taxonomy":"post_tag","embeddable":true,"href":"https:\/\/informedesalud.com.do\/index.php?rest_route=%2Fwp%2Fv2%2Ftags&post=10127"}],"curies":[{"name":"wp","href":"https:\/\/api.w.org\/{rel}","templated":true}]}}