{"id":10052,"date":"2025-04-09T10:49:22","date_gmt":"2025-04-09T08:49:22","guid":{"rendered":"https:\/\/laconsultamedica.com.do\/?p=25386"},"modified":"2025-04-09T10:49:22","modified_gmt":"2025-04-09T08:49:22","slug":"presidente-abinader-declara-duelo-nacional-los-dias-89-y-10-por-tragedia-sucedida-en-discoteca-jet-set","status":"publish","type":"post","link":"https:\/\/informedesalud.com.do\/?p=10052","title":{"rendered":"Presidente Abinader declara duelo nacional los d\u00edas 8,9 y 10 por tragedia sucedida en discoteca Jet Set"},"content":{"rendered":"<div><img decoding=\"async\" src=\"https:\/\/laconsultamedica.com.do\/wp-content\/uploads\/2025\/04\/Santo_Domingo_National_Palace-scaled.jpg\" class=\"ff-og-image-inserted\"><\/div>\n<p>Santo Domingo. -*&nbsp; El presidente Luis Abinader declar\u00f3 mediante 194 \u2013 25 los d\u00edas 8, 9 y 10 de abril de 2025&nbsp; de duelo oficial, por motivo de la tr\u00e1gica situaci\u00f3n ocurrida en la madrugada de hoy en la discoteca Jet Set, en el Distinto Nacional.<\/p>\n<p>En el art\u00edculo 2 del decreto ordena que La Bandera Nacional deber\u00e1, durante estos d\u00edas 8, 9 y 10 de abril, ondear a media asta en los recintos militares y edificios p\u00fablicos de todo el pa\u00eds.<\/p>\n","protected":false},"excerpt":{"rendered":"<p>Santo Domingo. -*&nbsp; El presidente Luis Abinader declar\u00f3 mediante 194 \u2013 25 los d\u00edas 8, 9 y 10 de abril de 2025&nbsp; de duelo oficial, por motivo de la tr\u00e1gica situaci\u00f3n ocurrida en la madrugada de hoy en la discoteca Jet Set, en el Distinto Nacional. En el art\u00edculo 2 del decreto ordena que La [&hellip;]<\/p>\n","protected":false},"author":1,"featured_media":10053,"comment_status":"closed","ping_status":"closed","sticky":false,"template":"","format":"standard","meta":{"_eb_attr":"","footnotes":""},"categories":[36],"tags":[],"_links":{"self":[{"href":"https:\/\/informedesalud.com.do\/index.php?rest_route=\/wp\/v2\/posts\/10052"}],"collection":[{"href":"https:\/\/informedesalud.com.do\/index.php?rest_route=\/wp\/v2\/posts"}],"about":[{"href":"https:\/\/informedesalud.com.do\/index.php?rest_route=\/wp\/v2\/types\/post"}],"author":[{"embeddable":true,"href":"https:\/\/informedesalud.com.do\/index.php?rest_route=\/wp\/v2\/users\/1"}],"replies":[{"embeddable":true,"href":"https:\/\/informedesalud.com.do\/index.php?rest_route=%2Fwp%2Fv2%2Fcomments&post=10052"}],"version-history":[{"count":0,"href":"https:\/\/informedesalud.com.do\/index.php?rest_route=\/wp\/v2\/posts\/10052\/revisions"}],"wp:featuredmedia":[{"embeddable":true,"href":"https:\/\/informedesalud.com.do\/index.php?rest_route=\/wp\/v2\/media\/10053"}],"wp:attachment":[{"href":"https:\/\/informedesalud.com.do\/index.php?rest_route=%2Fwp%2Fv2%2Fmedia&parent=10052"}],"wp:term":[{"taxonomy":"category","embeddable":true,"href":"https:\/\/informedesalud.com.do\/index.php?rest_route=%2Fwp%2Fv2%2Fcategories&post=10052"},{"taxonomy":"post_tag","embeddable":true,"href":"https:\/\/informedesalud.com.do\/index.php?rest_route=%2Fwp%2Fv2%2Ftags&post=10052"}],"curies":[{"name":"wp","href":"https:\/\/api.w.org\/{rel}","templated":true}]}}