{"id":10014,"date":"2025-04-07T06:18:06","date_gmt":"2025-04-07T04:18:06","guid":{"rendered":"https:\/\/laconsultamedica.com.do\/?p=25282"},"modified":"2025-04-07T06:18:06","modified_gmt":"2025-04-07T04:18:06","slug":"primer-debate-televisivo-sobre-candidaturas-independientes-en-republica-dominicana-sera-transmitido-por-vtv-32","status":"publish","type":"post","link":"https:\/\/informedesalud.com.do\/?p=10014","title":{"rendered":"Primer debate televisivo sobre candidaturas independientes en Rep\u00fablica Dominicana ser\u00e1 transmitido por VTV 32"},"content":{"rendered":"<div><img decoding=\"async\" src=\"https:\/\/laconsultamedica.com.do\/wp-content\/uploads\/2025\/04\/image_editor_output_image1925127860-1743999509988.jpg\" class=\"ff-og-image-inserted\"><\/div>\n<p>4Santo Domingo, R.D. \u2013 En un hecho sin precedentes, se celebrar\u00e1 el primer debate televisivo enfocado exclusivamente en las candidaturas independientes en la Rep\u00fablica Dominicana. La iniciativa marca un hito en el proceso de apertura democr\u00e1tica del pa\u00eds, y se desarrollar\u00e1 en el programa que conduce y produce el periodista Roberto Monclus, transmitido de lunes a viernes de 3:00 a 4:00 de la tarde por el canal VTV 32, medio dirigido por el empresario de medios Miguel Medina.<\/p>\n<p>En esta primera entrega participar\u00e1n el abogado Javier Ubiera, delegado t\u00e9cnico electoral del partido Fuerza del Pueblo, segunda fuerza pol\u00edtica del pa\u00eds, y el doctor Isa\u00edas Ramos, presidente del Foro C\u00edvico y Social, reconocido por su rol en la promoci\u00f3n de derechos ciudadanos y reformas pol\u00edticas.<\/p>\n<p>La moderaci\u00f3n estar\u00e1 a cargo del propio Roberto Monclus, quien recientemente oficializ\u00f3 sus aspiraciones a diputado independiente por la Circunscripci\u00f3n 1 del Distrito Nacional, aportando una visi\u00f3n desde la experiencia directa del nuevo modelo de representaci\u00f3n.<\/p>\n<p>Este debate se produce en un contexto de importantes avances para las candidaturas independientes. El Tribunal Superior Electoral (TSE) emiti\u00f3 el a\u00f1o pasado una sentencia que reconoce formalmente estas postulaciones como parte del sistema pol\u00edtico nacional. En seguimiento, la Junta Central Electoral (JCE) remiti\u00f3 al Congreso Nacional un proyecto de reglamento que establecer\u00e1 los lineamientos para la implementaci\u00f3n de este nuevo modelo electoral.<\/p>\n<p>Con este primer debate, se abre una plataforma para que la ciudadan\u00eda conozca y analice a fondo las implicaciones y posibilidades de las candidaturas independientes en el pa\u00eds.<\/p>\n","protected":false},"excerpt":{"rendered":"<p>4Santo Domingo, R.D. \u2013 En un hecho sin precedentes, se celebrar\u00e1 el primer debate televisivo enfocado exclusivamente en las candidaturas independientes en la Rep\u00fablica Dominicana. La iniciativa marca un hito en el proceso de apertura democr\u00e1tica del pa\u00eds, y se desarrollar\u00e1 en el programa que conduce y produce el periodista Roberto Monclus, transmitido de lunes [&hellip;]<\/p>\n","protected":false},"author":1,"featured_media":10015,"comment_status":"closed","ping_status":"closed","sticky":false,"template":"","format":"standard","meta":{"_eb_attr":"","footnotes":""},"categories":[43],"tags":[],"_links":{"self":[{"href":"https:\/\/informedesalud.com.do\/index.php?rest_route=\/wp\/v2\/posts\/10014"}],"collection":[{"href":"https:\/\/informedesalud.com.do\/index.php?rest_route=\/wp\/v2\/posts"}],"about":[{"href":"https:\/\/informedesalud.com.do\/index.php?rest_route=\/wp\/v2\/types\/post"}],"author":[{"embeddable":true,"href":"https:\/\/informedesalud.com.do\/index.php?rest_route=\/wp\/v2\/users\/1"}],"replies":[{"embeddable":true,"href":"https:\/\/informedesalud.com.do\/index.php?rest_route=%2Fwp%2Fv2%2Fcomments&post=10014"}],"version-history":[{"count":0,"href":"https:\/\/informedesalud.com.do\/index.php?rest_route=\/wp\/v2\/posts\/10014\/revisions"}],"wp:featuredmedia":[{"embeddable":true,"href":"https:\/\/informedesalud.com.do\/index.php?rest_route=\/wp\/v2\/media\/10015"}],"wp:attachment":[{"href":"https:\/\/informedesalud.com.do\/index.php?rest_route=%2Fwp%2Fv2%2Fmedia&parent=10014"}],"wp:term":[{"taxonomy":"category","embeddable":true,"href":"https:\/\/informedesalud.com.do\/index.php?rest_route=%2Fwp%2Fv2%2Fcategories&post=10014"},{"taxonomy":"post_tag","embeddable":true,"href":"https:\/\/informedesalud.com.do\/index.php?rest_route=%2Fwp%2Fv2%2Ftags&post=10014"}],"curies":[{"name":"wp","href":"https:\/\/api.w.org\/{rel}","templated":true}]}}