{"id":10012,"date":"2025-04-07T00:08:59","date_gmt":"2025-04-06T22:08:59","guid":{"rendered":"https:\/\/laconsultamedica.com.do\/?p=25246"},"modified":"2025-04-07T00:08:59","modified_gmt":"2025-04-06T22:08:59","slug":"banreservas-lleva-jornada-de-bancarizacion-a-comunitarios-del-nuevo-domingo-savio","status":"publish","type":"post","link":"https:\/\/informedesalud.com.do\/?p=10012","title":{"rendered":"Banreservas lleva jornada de bancarizaci\u00f3n a comunitarios del Nuevo Domingo Savio"},"content":{"rendered":"<div><img decoding=\"async\" src=\"https:\/\/laconsultamedica.com.do\/wp-content\/uploads\/2025\/04\/1000158610.jpg\" class=\"ff-og-image-inserted\"><\/div>\n<p>Residentes de la comunidad Nuevo Domingo Savio, que comprende los sectores Los Guandules, Gualey y Guachupita, en el Distrito Nacional, participaron este fin de semana en la octava jornada Bancarizar es Patria, programa del Banco de Reservas para acercar la banca a todos los dominicanos.<\/p>\n<p>Al hablar en la actividad efectuada en el Poliderportivo Domingo Savio, el presidente ejecutivo del Banco, Samuel Pereyra, reiter\u00f3 el compromiso de esa entidad en democratizar los servicios financieros y brindar oportunidades de desarrollo sostenible a quienes la necesiten.<\/p>\n<p>\u00abUno de los objetivos fundamentales del Banreservas es la inclusi\u00f3n de todos los dominicanos en el sistema financiero nacional. Ese objetivo nos motiva d\u00eda a d\u00eda a pensar y generar acciones innovadoras que les facilite el camino a nuestros actuales y futuros clientes para que puedan acceder y disfrutar de servicios financieros confiables y de buena calidad\u00bb, dijo.<\/p>\n<p>Agreg\u00f3 que el programa Bancarizar es Patria est\u00e1 pensado para aquellos que entienden que es caro y complicado el tener una cuenta bancaria, lo cual es imprescindible para ver crecer un emprendimiento, en sinergia con una adecuada educaci\u00f3n financiera.<\/p>\n<p>En las jornadas anteriores, los ejecutivos de Banreservas han asistido a m\u00e1s de 10,000 dominicanos y abierto m\u00e1s de 8,300 cuentas bancarias, entre ellas, cuentas digitales Banreservas, MIO Banreservas y de ahorro infantil, herramienta puesta a disposici\u00f3n de los m\u00e1s j\u00f3venes.<\/p>\n<p>Programa de la jornada<\/p>\n<p>La actividad inici\u00f3 a las 10:00 a.m. con las palabras de la vicepresidenta de Programas Estrat\u00e9gicos de Negocios, Linda Valette, quien dio la bienvenida y expres\u00f3 la importancia del evento. En el recinto los ciudadanos recibieron asistencia del personal del banco, que gestionaron la apertura de cuentas bancarias, de ahorro infantil y b\u00e1sica, para lo cual solo se necesitaba la c\u00e9dula y n\u00famero de celular.<\/p>\n<p>Los visitantes tambi\u00e9n participaron en charlas y talleres sobre Cuenta de Ahorro Infantil, Remesas, Educaci\u00f3n Financiera y Reciclaje. Adem\u00e1s, disfrutaron del \u00e1rea infantil, m\u00fasica en vivo, animaci\u00f3n, rifas, y otras sorpresas que hicieron la experiencia entretenida para toda la familia, hasta las 6:00 p.m.<\/p>\n<p>Bancarizar es Patria se ha realizado en Villa Juana, Distrito Nacional; Sabana Perdida, Santo Domingo Norte; Pueblo Nuevo, Santiago; San Crist\u00f3bal, Hig\u00fcey; San Carlos, Distrito Nacional; y Ensanche La Fe, Distrito Nacional.<\/p>\n","protected":false},"excerpt":{"rendered":"<p>Residentes de la comunidad Nuevo Domingo Savio, que comprende los sectores Los Guandules, Gualey y Guachupita, en el Distrito Nacional, participaron este fin de semana en la octava jornada Bancarizar es Patria, programa del Banco de Reservas para acercar la banca a todos los dominicanos. Al hablar en la actividad efectuada en el Poliderportivo Domingo [&hellip;]<\/p>\n","protected":false},"author":1,"featured_media":10013,"comment_status":"closed","ping_status":"closed","sticky":false,"template":"","format":"standard","meta":{"_eb_attr":"","footnotes":""},"categories":[43],"tags":[],"_links":{"self":[{"href":"https:\/\/informedesalud.com.do\/index.php?rest_route=\/wp\/v2\/posts\/10012"}],"collection":[{"href":"https:\/\/informedesalud.com.do\/index.php?rest_route=\/wp\/v2\/posts"}],"about":[{"href":"https:\/\/informedesalud.com.do\/index.php?rest_route=\/wp\/v2\/types\/post"}],"author":[{"embeddable":true,"href":"https:\/\/informedesalud.com.do\/index.php?rest_route=\/wp\/v2\/users\/1"}],"replies":[{"embeddable":true,"href":"https:\/\/informedesalud.com.do\/index.php?rest_route=%2Fwp%2Fv2%2Fcomments&post=10012"}],"version-history":[{"count":0,"href":"https:\/\/informedesalud.com.do\/index.php?rest_route=\/wp\/v2\/posts\/10012\/revisions"}],"wp:featuredmedia":[{"embeddable":true,"href":"https:\/\/informedesalud.com.do\/index.php?rest_route=\/wp\/v2\/media\/10013"}],"wp:attachment":[{"href":"https:\/\/informedesalud.com.do\/index.php?rest_route=%2Fwp%2Fv2%2Fmedia&parent=10012"}],"wp:term":[{"taxonomy":"category","embeddable":true,"href":"https:\/\/informedesalud.com.do\/index.php?rest_route=%2Fwp%2Fv2%2Fcategories&post=10012"},{"taxonomy":"post_tag","embeddable":true,"href":"https:\/\/informedesalud.com.do\/index.php?rest_route=%2Fwp%2Fv2%2Ftags&post=10012"}],"curies":[{"name":"wp","href":"https:\/\/api.w.org\/{rel}","templated":true}]}}