{"id":10006,"date":"2025-04-06T23:58:15","date_gmt":"2025-04-06T21:58:15","guid":{"rendered":"https:\/\/laconsultamedica.com.do\/?p=25271"},"modified":"2025-04-06T23:58:15","modified_gmt":"2025-04-06T21:58:15","slug":"caminata-por-la-salud-busca-concienciar-sobre-el-acceso-universal-y-la-reduccion-de-la-mortalidad-materna-y-neonatal-prevenible","status":"publish","type":"post","link":"https:\/\/informedesalud.com.do\/?p=10006","title":{"rendered":"Caminata por la salud busca concienciar sobre el acceso universal y la reducci\u00f3n de la mortalidad materna y neonatal prevenible"},"content":{"rendered":"<p>_V\u00edctor Atallah destac\u00f3 la importancia de abordar los problemas de salud con el apoyo de todos los sectores._<\/p>\n<p>*Santo Domingo, 5 de abril de 2025.\u2013* Con el objetivo de sensibilizar sobre la importancia del acceso universal a una atenci\u00f3n materna segura y de poner fin a las muertes maternas y neonatales prevenibles, el Ministerio de Salud P\u00fablica (MSP), la Organizaci\u00f3n Panamericana de la Salud (OPS), el C\u00edrculo de Periodistas de la Salud (CIPESA) y otras instituciones, realizaron este s\u00e1bado una caminata en conmemoraci\u00f3n del D\u00eda Mundial de la Salud, que se celebra el 7 de abril.<\/p>\n<p>La actividad fue encabezada por el ministro de Salud, V\u00edctor Atallah; la representante de la OPS en el pa\u00eds, Alba Mar\u00eda Ropero; la presidenta de CIPESA, Carol Mart\u00ednez; as\u00ed como otros funcionarios y representantes de organismos de cooperaci\u00f3n internacional, instituciones p\u00fablicas y privadas.<\/p>\n<p>La caminata inici\u00f3 a las 8:00 de la ma\u00f1ana desde el kil\u00f3metro 5 de la avenida de la Salud, en el parque Mirador Sur. Esta iniciativa busca generar conciencia sobre la necesidad de fortalecer los servicios de atenci\u00f3n materna, reducir la mortalidad de madres y reci\u00e9n nacidos, y promover la participaci\u00f3n comunitaria en acciones que contribuyan a la salud y el bienestar de las mujeres embarazadas.<\/p>\n<figure class=\"wp-block-image size-large\"><img fetchpriority=\"high\" fetchpriority=\"high\" decoding=\"async\" width=\"1024\" height=\"683\" src=\"https:\/\/laconsultamedica.com.do\/wp-content\/uploads\/2025\/04\/img-20250406-wa00034338850479069063160-1024x683.jpg\" alt class=\"wp-image-25270\" srcset=\"https:\/\/laconsultamedica.com.do\/wp-content\/uploads\/2025\/04\/img-20250406-wa00034338850479069063160-1024x683.jpg 1024w, https:\/\/laconsultamedica.com.do\/wp-content\/uploads\/2025\/04\/img-20250406-wa00034338850479069063160-300x200.jpg 300w, https:\/\/laconsultamedica.com.do\/wp-content\/uploads\/2025\/04\/img-20250406-wa00034338850479069063160-768x512.jpg 768w, https:\/\/laconsultamedica.com.do\/wp-content\/uploads\/2025\/04\/img-20250406-wa00034338850479069063160-1536x1025.jpg 1536w, https:\/\/laconsultamedica.com.do\/wp-content\/uploads\/2025\/04\/img-20250406-wa00034338850479069063160-750x500.jpg 750w, https:\/\/laconsultamedica.com.do\/wp-content\/uploads\/2025\/04\/img-20250406-wa00034338850479069063160-1140x760.jpg 1140w, https:\/\/laconsultamedica.com.do\/wp-content\/uploads\/2025\/04\/img-20250406-wa00034338850479069063160.jpg 2000w\" sizes=\"(max-width: 1024px) 100vw, 1024px\"><\/figure>\n<p>Este a\u00f1o, el D\u00eda Mundial de la Salud lleva por lema: \u201cComienzos saludables, futuros esperanzadores\u201d, una invitaci\u00f3n a redoblar los esfuerzos para erradicar las muertes prevenibles de madres y reci\u00e9n nacidos, y garantizar el bienestar integral de las mujeres a lo largo de su vida.<\/p>\n<p>La organizaci\u00f3n del evento cont\u00f3 tambi\u00e9n con el apoyo del Servicio Nacional de Salud (SNS), la Alcald\u00eda del Distrito Nacional, el Fondo de las Naciones Unidas para la Infancia (UNICEF), el Fondo de Poblaci\u00f3n de las Naciones Unidas (UNFPA), la Organizaci\u00f3n de las Naciones Unidas para la Agricultura y la Alimentacion (FAO) y diversas empresas patrocinadoras.<\/p>\n<p>Durante su intervenci\u00f3n, el ministro V\u00edctor Atallah expres\u00f3 que esta caminata representa mucho m\u00e1s que un acto simb\u00f3lico.<br \/>\u201cUno de los logros m\u00e1s significativos de este gobierno ha sido aumentar la esperanza de vida de 65 a 78 a\u00f1os, y esto se logra fomentando h\u00e1bitos saludables como el ejercicio, que hoy estamos promoviendo. Actividades como esta tambi\u00e9n ayudan a reducir el estr\u00e9s y las enfermedades cr\u00f3nicas, lo que a su vez contribuye a prevenir las muertes maternas\u201d, manifest\u00f3.<br \/>Agradeci\u00f3 la integraci\u00f3n de todas las entidades participantes y subray\u00f3 la importancia del trabajo conjunto para alcanzar las metas de salud.<\/p>\n<p>Por su parte, la representante de la OPS\/OMS, Alba Mar\u00eda Ropero, destac\u00f3 que es urgente intensificar los esfuerzos para garantizar atenci\u00f3n m\u00e9dica respetuosa y de calidad a mujeres y reci\u00e9n nacidos, especialmente en contextos de pobreza o emergencia.<\/p>\n<p>\u201cGracias a este tipo de actividades se promueven estilos de vida saludables. La salud de la mujer va m\u00e1s all\u00e1 del momento del parto. Este tipo de campa\u00f1as deben realizarse durante todo el a\u00f1o para crear conciencia tanto en el sector salud como en la sociedad en general\u201d, expres\u00f3 Ropero.<\/p>\n<p>En tanto que, la presidenta del C\u00edrculo de Periodistas de la Salud, Carol Mart\u00ednez, indic\u00f3 que la salud es un derecho humano esencial y una responsabilidad compartida.<\/p>\n<p>\u201cHoy tenemos el privilegio y la tarea de ser puentes entre el conocimiento y la poblaci\u00f3n, llevando informaci\u00f3n veraz, clara y oportuna que pueda transformar vidas\u201d, afirm\u00f3.<\/p>\n<p>*Plan de Reducci\u00f3n de Muertes Maternas y Neonatales en RD*<\/p>\n<p>En 2022, el Ministerio de Salud P\u00fablica, junto al SNS, UNICEF, OPS, UNFPA y otras entidades, puso en marcha el plan Tolerancia Cero a la Mortalidad Materna y Neonatal, con el objetivo de reducir en un 20% la mortalidad materna y en un 25% la neonatal.<\/p>\n<p>El plan se centra en el diagn\u00f3stico y manejo oportuno de las principales causas de muerte materna como trastornos hipertensivos, hemorragias y sepsis. <\/p>\n<p>Tambi\u00e9n busca reducir el ingreso de reci\u00e9n nacidos a las Unidades de Cuidados Intensivos Neonatales (UCIN) en diez maternidades y disminuir la mortalidad en cuatro hospitales clave.<\/p>\n<p>Entre las acciones del plan se incluyen: La puesta en marcha del Plan de Certificaci\u00f3n de Calidad en Atenci\u00f3n Materno-Neonatal. La adquisici\u00f3n de palivizumab para ni\u00f1os prematuros.<\/p>\n<p>Compra de anticonceptivos para garantizar embarazos planificados.Fortalecimiento de laboratorios de microbiolog\u00eda y consultas prenatales.<\/p>\n<p>Prevenci\u00f3n de infecciones durante el embarazo y el parto. Implementaci\u00f3n de medidas de bioseguridad en UCIN, con acompa\u00f1amiento de expertos internacionales.<\/p>\n<p>*Un llamado a la acci\u00f3n colectiva*<\/p>\n<p>La conmemoraci\u00f3n del D\u00eda Mundial de la Salud con un enfoque en la salud materna responde a una necesidad urgente en Rep\u00fablica Dominicana de cerrar las brechas en la atenci\u00f3n a mujeres embarazadas y reci\u00e9n nacidos.<\/p>\n<p>La caminata se consolid\u00f3 como una plataforma que uni\u00f3 a la comunidad, autoridades y organizaciones, reafirmando el compromiso com\u00fan de trabajar por la mejora de la calidad de vida de madres e hijos.<\/p>\n<p>La actividad cont\u00f3 con el respaldo del Ministerio de Agricultura, INAGUJA, FAO, INCAP, Alianza por el Bienestar y la Alimentaci\u00f3n Consciente, Coll Heaven, Helados Bon (l\u00ednea sin az\u00facar), Planeta Azul, Pollos Cibao, Dasani, Grupo Rica, entre otros aliados.<\/p>\n<p>En la actividad estuvieron presentes Mario Serrano y Alanna Armitage,por UNFPA, Carlos Carreras por Unicef, Alanna Armitage, representante de UNFPA M\u00e9xico y directora de pa\u00eds para Cuba y Rep\u00fablica Dominicana, el doctor Antonio Cruz&nbsp; Jimini\u00e1n, Mario Pujols vicepresidente de la Asociaci\u00f3n Dominicana de Industriales de Herrera, entre otras personalidades. <\/p>\n","protected":false},"excerpt":{"rendered":"<p>_V\u00edctor Atallah destac\u00f3 la importancia de abordar los problemas de salud con el apoyo de todos los sectores._ *Santo Domingo, 5 de abril de 2025.\u2013* Con el objetivo de sensibilizar sobre la importancia del acceso universal a una atenci\u00f3n materna segura y de poner fin a las muertes maternas y neonatales prevenibles, el Ministerio de [&hellip;]<\/p>\n","protected":false},"author":1,"featured_media":10007,"comment_status":"closed","ping_status":"closed","sticky":false,"template":"","format":"standard","meta":{"_eb_attr":"","footnotes":""},"categories":[93],"tags":[],"_links":{"self":[{"href":"https:\/\/informedesalud.com.do\/index.php?rest_route=\/wp\/v2\/posts\/10006"}],"collection":[{"href":"https:\/\/informedesalud.com.do\/index.php?rest_route=\/wp\/v2\/posts"}],"about":[{"href":"https:\/\/informedesalud.com.do\/index.php?rest_route=\/wp\/v2\/types\/post"}],"author":[{"embeddable":true,"href":"https:\/\/informedesalud.com.do\/index.php?rest_route=\/wp\/v2\/users\/1"}],"replies":[{"embeddable":true,"href":"https:\/\/informedesalud.com.do\/index.php?rest_route=%2Fwp%2Fv2%2Fcomments&post=10006"}],"version-history":[{"count":0,"href":"https:\/\/informedesalud.com.do\/index.php?rest_route=\/wp\/v2\/posts\/10006\/revisions"}],"wp:featuredmedia":[{"embeddable":true,"href":"https:\/\/informedesalud.com.do\/index.php?rest_route=\/wp\/v2\/media\/10007"}],"wp:attachment":[{"href":"https:\/\/informedesalud.com.do\/index.php?rest_route=%2Fwp%2Fv2%2Fmedia&parent=10006"}],"wp:term":[{"taxonomy":"category","embeddable":true,"href":"https:\/\/informedesalud.com.do\/index.php?rest_route=%2Fwp%2Fv2%2Fcategories&post=10006"},{"taxonomy":"post_tag","embeddable":true,"href":"https:\/\/informedesalud.com.do\/index.php?rest_route=%2Fwp%2Fv2%2Ftags&post=10006"}],"curies":[{"name":"wp","href":"https:\/\/api.w.org\/{rel}","templated":true}]}}