{"id":10004,"date":"2025-04-06T06:50:43","date_gmt":"2025-04-06T04:50:43","guid":{"rendered":"https:\/\/laconsultamedica.com.do\/?p=25256"},"modified":"2025-04-06T06:50:43","modified_gmt":"2025-04-06T04:50:43","slug":"presidente-abinader-sostendra-encuentro-y-sesion-de-trabajo-para-fortalecer-conservacion-medioambiental","status":"publish","type":"post","link":"https:\/\/informedesalud.com.do\/?p=10004","title":{"rendered":"Presidente Abinader sostendr\u00e1 encuentro y sesi\u00f3n de trabajo para fortalecer conservaci\u00f3n medioambiental"},"content":{"rendered":"<div><img decoding=\"async\" src=\"https:\/\/laconsultamedica.com.do\/wp-content\/uploads\/2025\/04\/image_editor_output_image-1174415995-1743915079653.jpg\" class=\"ff-og-image-inserted\"><\/div>\n<p>San Jos\u00e9 de las Matas.- El presidente Luis Abinader sostendr\u00e1 este domingo un encuentro y sesi\u00f3n de trabajo para fortalecer la conservaci\u00f3n del medioambiente, dando continuidad a la jornada de este s\u00e1bado en la que encabez\u00f3 la siembra de 3,200 plantas end\u00e9micas.<\/p>\n<p>De inicio, a las 9:00 de la ma\u00f1ana, el jefe de Estado tendr\u00e1 un desayuno con miembros directivos del Plan Sierra y de la Comisi\u00f3n para el Ordenamiento y Manejo de la Cuenca del R\u00edo Yaque del Norte, en el Centro de Investigaci\u00f3n y Capacitaci\u00f3n Agroforestal J. Armando Berm\u00fadez, en Los Montones.<\/p>\n<p>Al concluir se llevar\u00e1 a cabo un encuentro con los miembros de la Junta Directiva del Plan Sierra.<\/p>\n<p>Posteriormente el mandatario participar\u00e1 en una sesi\u00f3n de trabajo del pleno de la Comisi\u00f3n para el Ordenamiento y Manejo de la Cuenca del R\u00edo Yaque del Norte (CRYN).<\/p>\n","protected":false},"excerpt":{"rendered":"<p>San Jos\u00e9 de las Matas.- El presidente Luis Abinader sostendr\u00e1 este domingo un encuentro y sesi\u00f3n de trabajo para fortalecer la conservaci\u00f3n del medioambiente, dando continuidad a la jornada de este s\u00e1bado en la que encabez\u00f3 la siembra de 3,200 plantas end\u00e9micas. De inicio, a las 9:00 de la ma\u00f1ana, el jefe de Estado tendr\u00e1 [&hellip;]<\/p>\n","protected":false},"author":1,"featured_media":10005,"comment_status":"closed","ping_status":"closed","sticky":false,"template":"","format":"standard","meta":{"_eb_attr":"","footnotes":""},"categories":[36],"tags":[],"_links":{"self":[{"href":"https:\/\/informedesalud.com.do\/index.php?rest_route=\/wp\/v2\/posts\/10004"}],"collection":[{"href":"https:\/\/informedesalud.com.do\/index.php?rest_route=\/wp\/v2\/posts"}],"about":[{"href":"https:\/\/informedesalud.com.do\/index.php?rest_route=\/wp\/v2\/types\/post"}],"author":[{"embeddable":true,"href":"https:\/\/informedesalud.com.do\/index.php?rest_route=\/wp\/v2\/users\/1"}],"replies":[{"embeddable":true,"href":"https:\/\/informedesalud.com.do\/index.php?rest_route=%2Fwp%2Fv2%2Fcomments&post=10004"}],"version-history":[{"count":0,"href":"https:\/\/informedesalud.com.do\/index.php?rest_route=\/wp\/v2\/posts\/10004\/revisions"}],"wp:featuredmedia":[{"embeddable":true,"href":"https:\/\/informedesalud.com.do\/index.php?rest_route=\/wp\/v2\/media\/10005"}],"wp:attachment":[{"href":"https:\/\/informedesalud.com.do\/index.php?rest_route=%2Fwp%2Fv2%2Fmedia&parent=10004"}],"wp:term":[{"taxonomy":"category","embeddable":true,"href":"https:\/\/informedesalud.com.do\/index.php?rest_route=%2Fwp%2Fv2%2Fcategories&post=10004"},{"taxonomy":"post_tag","embeddable":true,"href":"https:\/\/informedesalud.com.do\/index.php?rest_route=%2Fwp%2Fv2%2Ftags&post=10004"}],"curies":[{"name":"wp","href":"https:\/\/api.w.org\/{rel}","templated":true}]}}