{"id":10000,"date":"2025-04-06T06:57:54","date_gmt":"2025-04-06T04:57:54","guid":{"rendered":"https:\/\/laconsultamedica.com.do\/?p=25263"},"modified":"2025-04-06T06:57:54","modified_gmt":"2025-04-06T04:57:54","slug":"feminicidios-son-un-desafio-para-la-garantia-de-derechos-humanos-de-las-mujeres-en-rd","status":"publish","type":"post","link":"https:\/\/informedesalud.com.do\/?p=10000","title":{"rendered":"Feminicidios son un desaf\u00edo para la garant\u00eda de derechos humanos de las mujeres en RD"},"content":{"rendered":"<p>Profamilia y AECID presentan proyecto de prevenci\u00f3n de violencia y acceso a servicios de salud sin discriminaci\u00f3n<\/p>\n<p>Santo Domingo. \u2013 \u201cSomos un pa\u00eds de Am\u00e9rica Latina en el que la violencia de g\u00e9nero sigue representando un gran desaf\u00edo para la garant\u00eda de los derechos humanos, donde el feminicidio es la m\u00e1xima y m\u00e1s cruel acci\u00f3n contra las mujeres, con arraigada manifestaci\u00f3n de discriminaci\u00f3n y de misoginia\u201d.<\/p>\n<p>As\u00ed lo expres\u00f3 Magaly Caram, directora ejecutiva de Profamilia, durante la presentaci\u00f3n del proyecto \u201csalud y derechos para una vida plena\u201d, que ejecuta la instituci\u00f3n con el apoyo de la Agencia Espa\u00f1ola de Cooperaci\u00f3n Internacional para el Desarrollo -AECID-.<\/p>\n<p>Ante la creciente cantidad de mujeres violentadas y\/o asesinadas por sus parejas o exparejas en los primeros tres meses del a\u00f1o, Caram mostr\u00f3 consternaci\u00f3n de que se considere la violencia y la muerte de mujeres como un recurso para dirimir situaciones o problemas reales o imaginarios.<\/p>\n<p>Se\u00f1al\u00f3 como urgente la intervenci\u00f3n de las autoridades para ofrecer respuesta oportuna ante la denuncia de violencia \u201cy al mismo tiempo exhortamos a las mujeres a denunciar cualquier signo de violencia o cualquier cosa que represente un riesgo para su seguridad\u201d.<\/p>\n<figure class=\"wp-block-image size-large\"><img fetchpriority=\"high\" fetchpriority=\"high\" decoding=\"async\" width=\"1024\" height=\"683\" src=\"https:\/\/laconsultamedica.com.do\/wp-content\/uploads\/2025\/04\/img-20250406-wa00005554199800819909503-1024x683.jpg\" alt class=\"wp-image-25262\" srcset=\"https:\/\/laconsultamedica.com.do\/wp-content\/uploads\/2025\/04\/img-20250406-wa00005554199800819909503-1024x683.jpg 1024w, https:\/\/laconsultamedica.com.do\/wp-content\/uploads\/2025\/04\/img-20250406-wa00005554199800819909503-300x200.jpg 300w, https:\/\/laconsultamedica.com.do\/wp-content\/uploads\/2025\/04\/img-20250406-wa00005554199800819909503-768x512.jpg 768w, https:\/\/laconsultamedica.com.do\/wp-content\/uploads\/2025\/04\/img-20250406-wa00005554199800819909503-1536x1024.jpg 1536w, https:\/\/laconsultamedica.com.do\/wp-content\/uploads\/2025\/04\/img-20250406-wa00005554199800819909503-750x500.jpg 750w, https:\/\/laconsultamedica.com.do\/wp-content\/uploads\/2025\/04\/img-20250406-wa00005554199800819909503-1140x760.jpg 1140w, https:\/\/laconsultamedica.com.do\/wp-content\/uploads\/2025\/04\/img-20250406-wa00005554199800819909503.jpg 1600w\" sizes=\"(max-width: 1024px) 100vw, 1024px\"><\/figure>\n<p>Caram felicit\u00f3 la aprobuaci\u00f3n de las Directrices de Atenci\u00f3n Integral en Salud a Mujeres en Situaci\u00f3n de Violencia de G\u00e9nero, lo que consider\u00f3 una muestra de voluntad pol\u00edtica por parte del Ministerio de Salud P\u00fablica para la implementaci\u00f3n de acciones de prevenci\u00f3n y atenci\u00f3n de la violencia en el sector salud.<\/p>\n<p>*Salud y derechos para una vida plena*<br \/>El proyecto, ejecutado por Profamilia en el Gran Santo Domingo, tiene tres grandes resultados esperados donde juega un papel determinante la sociedad civil para mover la voluntad pol\u00edtica que garantice iniciativas relacionadas con la no discriminaci\u00f3n, la salud y los derechos sexuales y reproductivos.<\/p>\n<p>Hace \u00e9nfasis en la prevenci\u00f3n de la violencia contra las mujeres, los ni\u00f1os y las ni\u00f1as, as\u00ed como en mejorar el acceso a servicios y derechos de salud sexual y salud reproductiva para personas con alguna discapacidad; en sensibilizar a titulares de obligaciones del Ministerio de Salud P\u00fablica y otras instancias del Estado en estos temas, que requieren del empuje social, comunitario y estatal.<\/p>\n<p>El coordinador general de la cooperaci\u00f3n espa\u00f1ola en el pa\u00eds, Manuel Alba, se\u00f1al\u00f3 que la lucha contra todas las formas de violencias que sufren las mujeres y ni\u00f1as y su erradicaci\u00f3n son una prioridad en nuestras sociedades, y, por ende, para la cooperaci\u00f3n espa\u00f1ola. <\/p>\n<p>Destac\u00f3 que este proyecto que hoy se presenta a la comunidad y a la sociedad dominicana es de vital importancia para el avance de los derechos humanos, siendo esencial promover la prevenci\u00f3n de la violencia y el acceso a los servicios de salud a las mujeres, j\u00f3venes y personas con discapacidad. Es prioritario que \u201ccentremos nuestras actuaciones en las necesidades de las v\u00edctimas, sobrevivientes de violencias, en donde debemos tener presente el empoderamiento de las mujeres y que puedan tomar decisiones desde su propia autonom\u00eda, promoviendo su reinserci\u00f3n educativa, laboral, social y su recuperaci\u00f3n emocional\u201d. Agradeci\u00f3 el compromiso y la labor de Profamilia en el pa\u00eds, por su dedicaci\u00f3n y compromiso en la defensa de los derechos humanos. <\/p>\n<p>En el evento estuvo presente la viceministra de Cooperaci\u00f3n Internacional, Olaya Dotel, quien destac\u00f3 la \u201cvisi\u00f3n estrat\u00e9gica de este proyecto, que se alinea perfectamente con las prioridades y pol\u00edticas nacionales del Gobierno de la Rep\u00fablica Dominicana y se inscribe en la necesidad de responder a los y las titulares de derechos en cuanto a las acciones de prevenci\u00f3n y atenci\u00f3n en salud; como parte de un sistema multisectorial, integral e integrado, que permita garantizar la prevenci\u00f3n y la atenci\u00f3n efectivas\u201d.<\/p>\n<p>La presentaci\u00f3n de este proyecto y el apoyo de las organizaciones es una reafirmaci\u00f3n de los derechos humanos, especialmente del derecho fundamental a la salud en general y a la salud sexual y la salud reproductiva de manera particular.&nbsp; Tambi\u00e9n implica asegurar el acceso a servicios de salud para todas las personas sin ning\u00fan tipo de discriminaci\u00f3n, especialmente aquellas con alguna discapacidad o que son discriminadas por razones de orientaci\u00f3n sexual.<\/p>\n","protected":false},"excerpt":{"rendered":"<p>Profamilia y AECID presentan proyecto de prevenci\u00f3n de violencia y acceso a servicios de salud sin discriminaci\u00f3n Santo Domingo. \u2013 \u201cSomos un pa\u00eds de Am\u00e9rica Latina en el que la violencia de g\u00e9nero sigue representando un gran desaf\u00edo para la garant\u00eda de los derechos humanos, donde el feminicidio es la m\u00e1xima y m\u00e1s cruel acci\u00f3n [&hellip;]<\/p>\n","protected":false},"author":1,"featured_media":10001,"comment_status":"closed","ping_status":"closed","sticky":false,"template":"","format":"standard","meta":{"_eb_attr":"","footnotes":""},"categories":[36],"tags":[],"_links":{"self":[{"href":"https:\/\/informedesalud.com.do\/index.php?rest_route=\/wp\/v2\/posts\/10000"}],"collection":[{"href":"https:\/\/informedesalud.com.do\/index.php?rest_route=\/wp\/v2\/posts"}],"about":[{"href":"https:\/\/informedesalud.com.do\/index.php?rest_route=\/wp\/v2\/types\/post"}],"author":[{"embeddable":true,"href":"https:\/\/informedesalud.com.do\/index.php?rest_route=\/wp\/v2\/users\/1"}],"replies":[{"embeddable":true,"href":"https:\/\/informedesalud.com.do\/index.php?rest_route=%2Fwp%2Fv2%2Fcomments&post=10000"}],"version-history":[{"count":0,"href":"https:\/\/informedesalud.com.do\/index.php?rest_route=\/wp\/v2\/posts\/10000\/revisions"}],"wp:featuredmedia":[{"embeddable":true,"href":"https:\/\/informedesalud.com.do\/index.php?rest_route=\/wp\/v2\/media\/10001"}],"wp:attachment":[{"href":"https:\/\/informedesalud.com.do\/index.php?rest_route=%2Fwp%2Fv2%2Fmedia&parent=10000"}],"wp:term":[{"taxonomy":"category","embeddable":true,"href":"https:\/\/informedesalud.com.do\/index.php?rest_route=%2Fwp%2Fv2%2Fcategories&post=10000"},{"taxonomy":"post_tag","embeddable":true,"href":"https:\/\/informedesalud.com.do\/index.php?rest_route=%2Fwp%2Fv2%2Ftags&post=10000"}],"curies":[{"name":"wp","href":"https:\/\/api.w.org\/{rel}","templated":true}]}}